{"id":46550,"date":"2025-06-24T11:07:05","date_gmt":"2025-06-24T16:07:05","guid":{"rendered":"https:\/\/elmercuriomanta.ec\/?p=46550"},"modified":"2025-06-24T11:15:42","modified_gmt":"2025-06-24T16:15:42","slug":"noboa-abre-puertas-en-china-apuestan","status":"publish","type":"post","link":"https:\/\/elmercuriomanta.ec\/index.php\/2025\/06\/24\/noboa-abre-puertas-en-china-apuestan\/","title":{"rendered":"Noboa abre puertas en China: Apuestan por m\u00e1s comercio , inversi\u00f3n y cooperaci\u00f3n"},"content":{"rendered":"\n<figure class=\"wp-block-image aligncenter size-large is-resized\"><img fetchpriority=\"high\" decoding=\"async\" width=\"1024\" height=\"683\" src=\"https:\/\/elmercuriomanta.ec\/wp-content\/uploads\/2025\/06\/GuLe4R0WcAAowMM-1024x683.jpg\" alt=\"\" class=\"wp-image-46554\" style=\"width:359px;height:auto\" srcset=\"https:\/\/elmercuriomanta.ec\/wp-content\/uploads\/2025\/06\/GuLe4R0WcAAowMM-1024x683.jpg 1024w, https:\/\/elmercuriomanta.ec\/wp-content\/uploads\/2025\/06\/GuLe4R0WcAAowMM-300x200.jpg 300w, https:\/\/elmercuriomanta.ec\/wp-content\/uploads\/2025\/06\/GuLe4R0WcAAowMM-768x512.jpg 768w, https:\/\/elmercuriomanta.ec\/wp-content\/uploads\/2025\/06\/GuLe4R0WcAAowMM-1536x1024.jpg 1536w, https:\/\/elmercuriomanta.ec\/wp-content\/uploads\/2025\/06\/GuLe4R0WcAAowMM.jpg 1920w\" sizes=\"(max-width: 1024px) 100vw, 1024px\" \/><\/figure>\n\n\n\n<p>El presidente de Ecuador, Daniel Noboa, dio inicio a su agenda oficial en la Rep\u00fablica Popular China con un encuentro de alto nivel con el Primer Ministro Li Qiang, en el que ambos l\u00edderes reafirmaron su compromiso de fortalecer la cooperaci\u00f3n bilateral.<\/p>\n\n\n\n<p>Durante la reuni\u00f3n, Noboa destac\u00f3 que Ecuador mantiene con China una relaci\u00f3n basada en el respeto mutuo, la apertura y el di\u00e1logo constante, as\u00ed como un inter\u00e9s compartido en consolidar los lazos comerciales entre ambas naciones.<\/p>\n\n\n\n<figure class=\"wp-block-embed is-type-rich is-provider-twitter wp-block-embed-twitter\"><div class=\"wp-block-embed__wrapper\">\n<blockquote class=\"twitter-tweet\" data-width=\"550\" data-dnt=\"true\"><p lang=\"es\" dir=\"ltr\">El presidente <a href=\"https:\/\/twitter.com\/DanielNoboaOk?ref_src=twsrc%5Etfw\">@DanielNoboaOk<\/a> inici\u00f3 su agenda oficial en la Rep\u00fablica Popular China con un encuentro de alto nivel junto al Primer Ministro Li Qiang. \ud83c\uddea\ud83c\udde8\ud83e\udd1d\ud83c\udde8\ud83c\uddf3<br><br>Ambos l\u00edderes coincidieron en la importancia del trabajo en conjunto para fortalecer la econom\u00eda. El presidente Noboa\u2026 <a href=\"https:\/\/t.co\/9gjC0O2z2X\">pic.twitter.com\/9gjC0O2z2X<\/a><\/p>&mdash; Presidencia Ecuador \ud83c\uddea\ud83c\udde8 (@Presidencia_Ec) <a href=\"https:\/\/twitter.com\/Presidencia_Ec\/status\/1937356266193522773?ref_src=twsrc%5Etfw\">June 24, 2025<\/a><\/blockquote><script async src=\"https:\/\/platform.twitter.com\/widgets.js\" charset=\"utf-8\"><\/script>\n<\/div><\/figure>\n\n\n\n<p>\u201cEcuador valora profundamente la amistad con China, uno de nuestros principales socios estrat\u00e9gicos\u201d, subray\u00f3 el mandatario ecuatoriano.<\/p>\n\n\n\n<p>Por su parte, el Primer Ministro Li Qiang coincidi\u00f3 en la importancia de trabajar juntos para impulsar el crecimiento econ\u00f3mico, promover el intercambio tecnol\u00f3gico y consolidar proyectos de inversi\u00f3n en \u00e1reas clave.<\/p>\n\n\n\n<p>Esta visita oficial marca un nuevo cap\u00edtulo en la relaci\u00f3n entre ambos pa\u00edses, con el objetivo de abrir nuevas oportunidades de cooperaci\u00f3n en comercio, infraestructura y desarrollo sostenible.<\/p>\n\n\n\n<p><\/p>\n","protected":false},"excerpt":{"rendered":"<p>El presidente de Ecuador, Daniel Noboa, dio inicio a su agenda oficial en la Rep\u00fablica Popular China con un encuentro de alto nivel con el Primer Ministro Li Qiang, en el que ambos l\u00edderes reafirmaron su compromiso de fortalecer la cooperaci\u00f3n bilateral.<\/p>\n","protected":false},"author":14,"featured_media":46554,"comment_status":"open","ping_status":"open","sticky":false,"template":"","format":"standard","meta":{"footnotes":""},"categories":[19,1],"tags":[23],"class_list":["post-46550","post","type-post","status-publish","format-standard","has-post-thumbnail","hentry","category-portada-1","category-uncategorized","tag-ecuador"],"_links":{"self":[{"href":"https:\/\/elmercuriomanta.ec\/index.php\/wp-json\/wp\/v2\/posts\/46550","targetHints":{"allow":["GET"]}}],"collection":[{"href":"https:\/\/elmercuriomanta.ec\/index.php\/wp-json\/wp\/v2\/posts"}],"about":[{"href":"https:\/\/elmercuriomanta.ec\/index.php\/wp-json\/wp\/v2\/types\/post"}],"author":[{"embeddable":true,"href":"https:\/\/elmercuriomanta.ec\/index.php\/wp-json\/wp\/v2\/users\/14"}],"replies":[{"embeddable":true,"href":"https:\/\/elmercuriomanta.ec\/index.php\/wp-json\/wp\/v2\/comments?post=46550"}],"version-history":[{"count":3,"href":"https:\/\/elmercuriomanta.ec\/index.php\/wp-json\/wp\/v2\/posts\/46550\/revisions"}],"predecessor-version":[{"id":46556,"href":"https:\/\/elmercuriomanta.ec\/index.php\/wp-json\/wp\/v2\/posts\/46550\/revisions\/46556"}],"wp:featuredmedia":[{"embeddable":true,"href":"https:\/\/elmercuriomanta.ec\/index.php\/wp-json\/wp\/v2\/media\/46554"}],"wp:attachment":[{"href":"https:\/\/elmercuriomanta.ec\/index.php\/wp-json\/wp\/v2\/media?parent=46550"}],"wp:term":[{"taxonomy":"category","embeddable":true,"href":"https:\/\/elmercuriomanta.ec\/index.php\/wp-json\/wp\/v2\/categories?post=46550"},{"taxonomy":"post_tag","embeddable":true,"href":"https:\/\/elmercuriomanta.ec\/index.php\/wp-json\/wp\/v2\/tags?post=46550"}],"curies":[{"name":"wp","href":"https:\/\/api.w.org\/{rel}","templated":true}]}}