{"id":46532,"date":"2025-06-24T10:15:57","date_gmt":"2025-06-24T15:15:57","guid":{"rendered":"https:\/\/elmercuriomanta.ec\/?p=46532"},"modified":"2025-06-24T10:22:30","modified_gmt":"2025-06-24T15:22:30","slug":"cayo-el-cargamento-del-siglo-10-ecuatorianos-detenidos-con-150-millones-en-droga","status":"publish","type":"post","link":"https:\/\/elmercuriomanta.ec\/index.php\/2025\/06\/24\/cayo-el-cargamento-del-siglo-10-ecuatorianos-detenidos-con-150-millones-en-droga\/","title":{"rendered":"\u00a1Cay\u00f3 el cargamento del siglo! 10 ecuatorianos detenidos con $150 millones en droga en El Salvador"},"content":{"rendered":"\n<figure class=\"wp-block-image aligncenter size-full is-resized\"><img fetchpriority=\"high\" decoding=\"async\" width=\"720\" height=\"480\" src=\"https:\/\/elmercuriomanta.ec\/wp-content\/uploads\/2025\/06\/image-287.png\" alt=\"\" class=\"wp-image-46534\" style=\"width:285px;height:auto\" srcset=\"https:\/\/elmercuriomanta.ec\/wp-content\/uploads\/2025\/06\/image-287.png 720w, https:\/\/elmercuriomanta.ec\/wp-content\/uploads\/2025\/06\/image-287-300x200.png 300w\" sizes=\"(max-width: 720px) 100vw, 720px\" \/><\/figure>\n\n\n\n<p>En una rueda de prensa, la Fiscal\u00eda de El Salvador present\u00f3 a 17 personas capturadas con m\u00e1s de 6.3 toneladas de droga, valoradas en m\u00e1s de 150 millones de d\u00f3lares, interceptadas en aguas mar\u00edtimas centroamericanas.<\/p>\n\n\n\n<p>Entre los detenidos figuran 10 ecuatorianos, varios de ellos originarios del cant\u00f3n Jaramij\u00f3, Manab\u00ed. Junto a ellos fueron aprehendidos ciudadanos de nacionalidad colombiana, mexicana y guatemalteca, quienes se movilizaban en cinco embarcaciones.<\/p>\n\n\n\n<figure class=\"wp-block-embed is-type-rich is-provider-twitter wp-block-embed-twitter\"><div class=\"wp-block-embed__wrapper\">\n<blockquote class=\"twitter-tweet\" data-width=\"550\" data-dnt=\"true\"><p lang=\"es\" dir=\"ltr\">Uno de los golpes m\u00e1s grandes al narcotr\u00e1fico en la historia del pa\u00eds dej\u00f3 la incautaci\u00f3n de 6.3 toneladas de coca\u00edna valoradas en m\u00e1s de $157.4 millones<br><br>Esta droga fue incautada entre el 2 y 10 de junio, aproximadamente a 1,000 millas n\u00e1uticas de nuestras costas.<br> <br>Se\u2026 <a href=\"https:\/\/t.co\/l6pjfRTmnj\">pic.twitter.com\/l6pjfRTmnj<\/a><\/p>&mdash; PNC El Salvador (@PNCSV) <a href=\"https:\/\/twitter.com\/PNCSV\/status\/1937276820740571367?ref_src=twsrc%5Etfw\">June 23, 2025<\/a><\/blockquote><script async src=\"https:\/\/platform.twitter.com\/widgets.js\" charset=\"utf-8\"><\/script>\n<\/div><\/figure>\n\n\n\n<p>El presidente Nayib Bukele, a trav\u00e9s de su p\u00e1gina oficial, calific\u00f3 la operaci\u00f3n como \u201cexitosa\u201d, destacando el trabajo de las fuerzas de seguridad en la lucha contra el narcotr\u00e1fico internacional.<\/p>\n\n\n\n<p>Las autoridades salvadore\u00f1as informaron que en sus c\u00e1rceles actualmente se encuentran m\u00e1s de 150 manabitas detenidos por delitos relacionados con el tr\u00e1fico de drogas a gran escala, siendo Jaramij\u00f3 uno de los cantones con m\u00e1s implicados.<\/p>\n\n\n\n<p><strong>\ud83d\udea8 Lista de los detenidos:<\/strong><\/p>\n\n\n\n<ol class=\"wp-block-list\">\n<li>Pedro Jos\u00e9 L\u00f3pez Vera<\/li>\n\n\n\n<li>Jhonny Ram\u00f3n Mero Mero<\/li>\n\n\n\n<li>Jos\u00e9 Pascual Reyes Reyes<\/li>\n\n\n\n<li>Jos\u00e9 Luis Bail\u00f3n Franco<\/li>\n\n\n\n<li>Edgar Rodolfo Mero Mero<\/li>\n\n\n\n<li>Jonathan Dixon<\/li>\n\n\n\n<li>Junior David Quijije Bail\u00f3n<\/li>\n\n\n\n<li>Luis Alejandro Mero Rivas<\/li>\n\n\n\n<li>Jhojan \u00c1lvarez Cuero<\/li>\n\n\n\n<li>Sergio Gamaliel Guzm\u00e1n Ram\u00edrez<\/li>\n\n\n\n<li>Ismael L\u00f3pez M\u00e9ndez<\/li>\n\n\n\n<li>Nicol\u00e1s L\u00f3pez de Le\u00f3n<\/li>\n\n\n\n<li>Daniel Oswaldo Joya Bautista<\/li>\n\n\n\n<li>Pablo Jos\u00e9 M\u00e9ndez Ib\u00e1\u00f1ez<\/li>\n\n\n\n<li>Jos\u00e9 Luis Rodr\u00edguez Palma<\/li>\n\n\n\n<li>Johnny Francisco Le\u00f3n Delgado<\/li>\n\n\n\n<li>Alonzo Holgu\u00edn Bryan Andr\u00e9s<\/li>\n<\/ol>\n\n\n\n<p>Todos los capturados ser\u00e1n puestos a disposici\u00f3n de la justicia salvadore\u00f1a, enfrentando procesos por tr\u00e1fico internacional de drogas.<\/p>\n","protected":false},"excerpt":{"rendered":"<p>En una rueda de prensa, la Fiscal\u00eda de El Salvador present\u00f3 a 17 personas capturadas con m\u00e1s de 6.3 toneladas de droga, valoradas en m\u00e1s de 150 millones de d\u00f3lares, interceptadas en aguas mar\u00edtimas centroamericanas.<\/p>\n","protected":false},"author":14,"featured_media":46534,"comment_status":"open","ping_status":"open","sticky":false,"template":"","format":"standard","meta":{"footnotes":""},"categories":[8,1],"tags":[42],"class_list":["post-46532","post","type-post","status-publish","format-standard","has-post-thumbnail","hentry","category-internacional","category-uncategorized","tag-internacional"],"_links":{"self":[{"href":"https:\/\/elmercuriomanta.ec\/index.php\/wp-json\/wp\/v2\/posts\/46532","targetHints":{"allow":["GET"]}}],"collection":[{"href":"https:\/\/elmercuriomanta.ec\/index.php\/wp-json\/wp\/v2\/posts"}],"about":[{"href":"https:\/\/elmercuriomanta.ec\/index.php\/wp-json\/wp\/v2\/types\/post"}],"author":[{"embeddable":true,"href":"https:\/\/elmercuriomanta.ec\/index.php\/wp-json\/wp\/v2\/users\/14"}],"replies":[{"embeddable":true,"href":"https:\/\/elmercuriomanta.ec\/index.php\/wp-json\/wp\/v2\/comments?post=46532"}],"version-history":[{"count":2,"href":"https:\/\/elmercuriomanta.ec\/index.php\/wp-json\/wp\/v2\/posts\/46532\/revisions"}],"predecessor-version":[{"id":46536,"href":"https:\/\/elmercuriomanta.ec\/index.php\/wp-json\/wp\/v2\/posts\/46532\/revisions\/46536"}],"wp:featuredmedia":[{"embeddable":true,"href":"https:\/\/elmercuriomanta.ec\/index.php\/wp-json\/wp\/v2\/media\/46534"}],"wp:attachment":[{"href":"https:\/\/elmercuriomanta.ec\/index.php\/wp-json\/wp\/v2\/media?parent=46532"}],"wp:term":[{"taxonomy":"category","embeddable":true,"href":"https:\/\/elmercuriomanta.ec\/index.php\/wp-json\/wp\/v2\/categories?post=46532"},{"taxonomy":"post_tag","embeddable":true,"href":"https:\/\/elmercuriomanta.ec\/index.php\/wp-json\/wp\/v2\/tags?post=46532"}],"curies":[{"name":"wp","href":"https:\/\/api.w.org\/{rel}","templated":true}]}}