{"id":46368,"date":"2025-06-20T17:08:06","date_gmt":"2025-06-20T22:08:06","guid":{"rendered":"https:\/\/elmercuriomanta.ec\/?p=46368"},"modified":"2025-06-20T17:08:06","modified_gmt":"2025-06-20T22:08:06","slug":"profesora-secuestrada-es-rescatada-con-exito-en-operacion-policial","status":"publish","type":"post","link":"https:\/\/elmercuriomanta.ec\/index.php\/2025\/06\/20\/profesora-secuestrada-es-rescatada-con-exito-en-operacion-policial\/","title":{"rendered":"Profesora secuestrada es rescatada con \u00e9xito en operaci\u00f3n policial"},"content":{"rendered":"\n<figure class=\"wp-block-image aligncenter size-full is-resized\"><img fetchpriority=\"high\" decoding=\"async\" width=\"440\" height=\"279\" src=\"https:\/\/elmercuriomanta.ec\/wp-content\/uploads\/2025\/06\/PROFESORA.jpeg\" alt=\"\" class=\"wp-image-46369\" style=\"width:595px;height:auto\" srcset=\"https:\/\/elmercuriomanta.ec\/wp-content\/uploads\/2025\/06\/PROFESORA.jpeg 440w, https:\/\/elmercuriomanta.ec\/wp-content\/uploads\/2025\/06\/PROFESORA-300x190.jpeg 300w\" sizes=\"(max-width: 440px) 100vw, 440px\" \/><\/figure>\n\n\n\n<p>Una r\u00e1pida y coordinada acci\u00f3n de la Polic\u00eda Nacional, con el apoyo del ECU 911, permiti\u00f3 el rescate con vida de la profesora Mar\u00eda Cede\u00f1o Ram\u00edrez, quien hab\u00eda sido reportada como secuestrada en la parroquia San Isidro, del cant\u00f3n Sucre, provincia de Manab\u00ed.<\/p>\n\n\n\n<p>La operaci\u00f3n se ejecut\u00f3 con \u00e9xito este jueves 19 de junio, luego de labores de inteligencia y rastreo, que permitieron ubicar a la docente y ponerla a salvo. La Polic\u00eda confirm\u00f3 que la v\u00edctima fue hallada en condiciones estables, y se encuentra bajo resguardo.<\/p>\n\n\n\n<p>Hasta el momento, se ha confirmado la detenci\u00f3n de dos personas presuntamente implicadas en el caso, mientras las investigaciones contin\u00faan en curso. Las autoridades no han emitido un pronunciamiento oficial sobre los motivos del secuestro ni los detalles de la operaci\u00f3n.<\/p>\n\n\n\n<p>La noticia ha generado alivio y alegr\u00eda entre los habitantes de San Isidro y del cant\u00f3n Sucre, quienes hab\u00edan expresado preocupaci\u00f3n por la seguridad de la reconocida docente.<\/p>\n","protected":false},"excerpt":{"rendered":"<p>Una r\u00e1pida y coordinada acci\u00f3n de la Polic\u00eda Nacional, con el apoyo del ECU 911, permiti\u00f3 el rescate con vida de la profesora Mar\u00eda Cede\u00f1o Ram\u00edrez, quien hab\u00eda sido reportada como secuestrada en la parroquia San Isidro, del cant\u00f3n Sucre, provincia de Manab\u00ed.<\/p>\n","protected":false},"author":14,"featured_media":46369,"comment_status":"open","ping_status":"open","sticky":false,"template":"","format":"standard","meta":{"footnotes":""},"categories":[1],"tags":[],"class_list":["post-46368","post","type-post","status-publish","format-standard","has-post-thumbnail","hentry","category-uncategorized"],"_links":{"self":[{"href":"https:\/\/elmercuriomanta.ec\/index.php\/wp-json\/wp\/v2\/posts\/46368","targetHints":{"allow":["GET"]}}],"collection":[{"href":"https:\/\/elmercuriomanta.ec\/index.php\/wp-json\/wp\/v2\/posts"}],"about":[{"href":"https:\/\/elmercuriomanta.ec\/index.php\/wp-json\/wp\/v2\/types\/post"}],"author":[{"embeddable":true,"href":"https:\/\/elmercuriomanta.ec\/index.php\/wp-json\/wp\/v2\/users\/14"}],"replies":[{"embeddable":true,"href":"https:\/\/elmercuriomanta.ec\/index.php\/wp-json\/wp\/v2\/comments?post=46368"}],"version-history":[{"count":1,"href":"https:\/\/elmercuriomanta.ec\/index.php\/wp-json\/wp\/v2\/posts\/46368\/revisions"}],"predecessor-version":[{"id":46370,"href":"https:\/\/elmercuriomanta.ec\/index.php\/wp-json\/wp\/v2\/posts\/46368\/revisions\/46370"}],"wp:featuredmedia":[{"embeddable":true,"href":"https:\/\/elmercuriomanta.ec\/index.php\/wp-json\/wp\/v2\/media\/46369"}],"wp:attachment":[{"href":"https:\/\/elmercuriomanta.ec\/index.php\/wp-json\/wp\/v2\/media?parent=46368"}],"wp:term":[{"taxonomy":"category","embeddable":true,"href":"https:\/\/elmercuriomanta.ec\/index.php\/wp-json\/wp\/v2\/categories?post=46368"},{"taxonomy":"post_tag","embeddable":true,"href":"https:\/\/elmercuriomanta.ec\/index.php\/wp-json\/wp\/v2\/tags?post=46368"}],"curies":[{"name":"wp","href":"https:\/\/api.w.org\/{rel}","templated":true}]}}