{"id":46334,"date":"2025-06-20T15:14:21","date_gmt":"2025-06-20T20:14:21","guid":{"rendered":"https:\/\/elmercuriomanta.ec\/?p=46334"},"modified":"2025-06-20T15:25:55","modified_gmt":"2025-06-20T20:25:55","slug":"asamblea-abre-investigacion-por-polemica-designacion-de-jueces-entre-2012-y-2017-habra-sorpresas","status":"publish","type":"post","link":"https:\/\/elmercuriomanta.ec\/index.php\/2025\/06\/20\/asamblea-abre-investigacion-por-polemica-designacion-de-jueces-entre-2012-y-2017-habra-sorpresas\/","title":{"rendered":"Asamblea abre investigaci\u00f3n por pol\u00e9mica designaci\u00f3n de jueces entre 2012 y 2017: \u00abHabr\u00e1 sorpresas\u00bb"},"content":{"rendered":"\n<figure class=\"wp-block-image aligncenter size-large is-resized\"><img fetchpriority=\"high\" decoding=\"async\" width=\"1024\" height=\"682\" src=\"https:\/\/elmercuriomanta.ec\/wp-content\/uploads\/2025\/06\/NF3ZF2KNHZBVPGLPNREOC2AXPE-1024x682.avif\" alt=\"\" class=\"wp-image-46337\" style=\"width:602px;height:auto\" srcset=\"https:\/\/elmercuriomanta.ec\/wp-content\/uploads\/2025\/06\/NF3ZF2KNHZBVPGLPNREOC2AXPE-1024x682.avif 1024w, https:\/\/elmercuriomanta.ec\/wp-content\/uploads\/2025\/06\/NF3ZF2KNHZBVPGLPNREOC2AXPE-300x200.avif 300w, https:\/\/elmercuriomanta.ec\/wp-content\/uploads\/2025\/06\/NF3ZF2KNHZBVPGLPNREOC2AXPE-768x512.avif 768w, https:\/\/elmercuriomanta.ec\/wp-content\/uploads\/2025\/06\/NF3ZF2KNHZBVPGLPNREOC2AXPE.avif 1508w\" sizes=\"(max-width: 1024px) 100vw, 1024px\" \/><\/figure>\n\n\n\n<p>La Comisi\u00f3n de Fiscalizaci\u00f3n y Control Pol\u00edtico de la Asamblea Nacional ha comenzado una investigaci\u00f3n relacionada con el proceso de selecci\u00f3n de jueces y juezas, tanto a escala nacional como provincial, correspondiente al periodo 2012-2017.<\/p>\n\n\n\n<p>La mesa legislativa, liderada por Ferdinan \u00c1lvarez (ADN), busca esclarecer el origen de esas designaciones, ya que existen sospechas de que la mayor\u00eda de los seleccionados fueron asignados a salas penales. \u201cHabr\u00e1 sorpresas\u201d, anticip\u00f3 \u00c1lvarez.<\/p>\n\n\n\n<p>Este proceso de fiscalizaci\u00f3n se enfoca en posibles irregularidades cometidas por operadores de justicia, especialmente en el contexto del actual conflicto armado interno que enfrenta el pa\u00eds. Para ello, la comisi\u00f3n ha convocado a comparecer a varios ministros de Estado, as\u00ed como a los altos mandos de la Polic\u00eda Nacional y las Fuerzas Armadas.<\/p>\n","protected":false},"excerpt":{"rendered":"<p>Asamblea abre investigaci\u00f3n por pol\u00e9mica designaci\u00f3n de jueces entre 2012 y 2017: \u00abHabr\u00e1 sorpresas\u00bb<\/p>\n","protected":false},"author":14,"featured_media":46337,"comment_status":"open","ping_status":"open","sticky":false,"template":"","format":"standard","meta":{"footnotes":""},"categories":[20,83,1],"tags":[23],"class_list":["post-46334","post","type-post","status-publish","format-standard","has-post-thumbnail","hentry","category-portada-2","category-sucesos","category-uncategorized","tag-ecuador"],"_links":{"self":[{"href":"https:\/\/elmercuriomanta.ec\/index.php\/wp-json\/wp\/v2\/posts\/46334","targetHints":{"allow":["GET"]}}],"collection":[{"href":"https:\/\/elmercuriomanta.ec\/index.php\/wp-json\/wp\/v2\/posts"}],"about":[{"href":"https:\/\/elmercuriomanta.ec\/index.php\/wp-json\/wp\/v2\/types\/post"}],"author":[{"embeddable":true,"href":"https:\/\/elmercuriomanta.ec\/index.php\/wp-json\/wp\/v2\/users\/14"}],"replies":[{"embeddable":true,"href":"https:\/\/elmercuriomanta.ec\/index.php\/wp-json\/wp\/v2\/comments?post=46334"}],"version-history":[{"count":3,"href":"https:\/\/elmercuriomanta.ec\/index.php\/wp-json\/wp\/v2\/posts\/46334\/revisions"}],"predecessor-version":[{"id":46338,"href":"https:\/\/elmercuriomanta.ec\/index.php\/wp-json\/wp\/v2\/posts\/46334\/revisions\/46338"}],"wp:featuredmedia":[{"embeddable":true,"href":"https:\/\/elmercuriomanta.ec\/index.php\/wp-json\/wp\/v2\/media\/46337"}],"wp:attachment":[{"href":"https:\/\/elmercuriomanta.ec\/index.php\/wp-json\/wp\/v2\/media?parent=46334"}],"wp:term":[{"taxonomy":"category","embeddable":true,"href":"https:\/\/elmercuriomanta.ec\/index.php\/wp-json\/wp\/v2\/categories?post=46334"},{"taxonomy":"post_tag","embeddable":true,"href":"https:\/\/elmercuriomanta.ec\/index.php\/wp-json\/wp\/v2\/tags?post=46334"}],"curies":[{"name":"wp","href":"https:\/\/api.w.org\/{rel}","templated":true}]}}