{"id":4633,"date":"2023-08-25T14:31:16","date_gmt":"2023-08-25T19:31:16","guid":{"rendered":"https:\/\/elmercuriomanta.ec\/?p=4633"},"modified":"2023-08-25T14:44:15","modified_gmt":"2023-08-25T19:44:15","slug":"cerca-de-500-mil-habitantes-de-3-cantones-manabitas-afectados-por-falta-de-agua","status":"publish","type":"post","link":"https:\/\/elmercuriomanta.ec\/index.php\/2023\/08\/25\/cerca-de-500-mil-habitantes-de-3-cantones-manabitas-afectados-por-falta-de-agua\/","title":{"rendered":"Cerca de 500 mil habitantes de 3 cantones manabitas afectados por falta de agua"},"content":{"rendered":"\n<figure class=\"wp-block-image aligncenter size-large is-resized\"><img fetchpriority=\"high\" decoding=\"async\" src=\"https:\/\/elmercuriomanta.ec\/wp-content\/uploads\/2023\/08\/WhatsApp-Image-2023-08-25-at-14.17.54-1024x682.jpeg\" alt=\"\" class=\"wp-image-4634\" style=\"width:464px;height:309px\" width=\"464\" height=\"309\" srcset=\"https:\/\/elmercuriomanta.ec\/wp-content\/uploads\/2023\/08\/WhatsApp-Image-2023-08-25-at-14.17.54-1024x682.jpeg 1024w, https:\/\/elmercuriomanta.ec\/wp-content\/uploads\/2023\/08\/WhatsApp-Image-2023-08-25-at-14.17.54-300x200.jpeg 300w, https:\/\/elmercuriomanta.ec\/wp-content\/uploads\/2023\/08\/WhatsApp-Image-2023-08-25-at-14.17.54-768x512.jpeg 768w, https:\/\/elmercuriomanta.ec\/wp-content\/uploads\/2023\/08\/WhatsApp-Image-2023-08-25-at-14.17.54-1536x1024.jpeg 1536w, https:\/\/elmercuriomanta.ec\/wp-content\/uploads\/2023\/08\/WhatsApp-Image-2023-08-25-at-14.17.54-2048x1365.jpeg 2048w\" sizes=\"(max-width: 464px) 100vw, 464px\" \/><\/figure>\n\n\n\n<p><\/p>\n\n\n\n<p>Cerca de 500 mil habitantes est\u00e1n afectados por la falta de agua en los cantones de Montecristi,<br>Jaramij\u00f3 y Manta, la desesperaci\u00f3n de la ciudadan\u00eda es sentida por los Alcaldes, quienes han<br>mantenido reuniones constantes para buscar soluci\u00f3n, sin embargo, al no tener respuesta<br>toman medidas m\u00e1s fuertes para exigir al Gobierno Nacional atenci\u00f3n y que entregue el agua<br>acordada mediante convenio en el a\u00f1o 2016, como compensaci\u00f3n social por la construcci\u00f3n<br>de la Refiner\u00eda del Pacifico.<\/p>\n\n\n\n<p>Los alcaldes de Jaramij\u00f3, Simetrio Calder\u00f3n y Jonathan Toro Largacha de Montecristi, en rueda de<br>prensa alzaron la voz en nombre de los habitantes de los cantones afectados por la falta del<br>l\u00edquido vital y demandaron de manera contundente al Gobierno Nacional la exigencia de una<br>respuesta inmediata a la crisis que hoy se viven los ciudadanos.<\/p>\n\n\n\n<p>Jonathan Toro Largacha mencion\u00f3 \u201cestamos uniendo fuerzas por asegurar el acceso<br>sostenible al agua para nuestros cantones, instamos al Gobierno a cumplir con el convenio<br>hist\u00f3rico de compensaci\u00f3n social establecido hace a\u00f1os, el cual deber\u00eda proporcionar a<br>nuestros cantones la cantidad sustancial de agua cruda proveniente de la Represa La<br>Esperanza hacia Refiner\u00eda del Pac\u00edfico; en a\u00f1os anteriores se recib\u00eda entre 6 a 7 mil metros<br>c\u00fabicos diarios, ahora; este nivel ha bajado a 1500 metros c\u00fabicos y desde hace varias semanas<br>que no se recibe ning\u00fan metro cubico, hacemos un llamado para que se honre este acuerdo<br>y se atienda la grave situaci\u00f3n que enfrentamos\u201d el burgomaestre del cant\u00f3n Montecristi, acoto<br>que de no ser escuchados se levantar\u00e1n pac\u00edficamente, adem\u00e1s; enfatiz\u00f3 que no se opone a<br>los derechos de los agricultores, m\u00e1s bien que se respete los derecho constitucional al acceso<br>al agua y a proporcionar una calidad de vida adecuada a todos los ciudadanos; Toro, llam\u00f3 a<br>los agricultores a unirse a esta fuerza y evitar que la escace se vuelva m\u00e1s cr\u00f3nica.<\/p>\n\n\n\n<p>Simetrio Calder\u00f3n, por su parte indic\u00f3 que \u201clos cantones de Jaramij\u00f3 y Montecristi est\u00e1n<br>sufriendo especialmente debido a la falta de fuentes alternativas de agua. Mientras que Manta<br>cuenta con sistemas como el Ceibal y Casa Lagarto, nuestros cantones carecen de dichas<br>opciones. En particular, la geograf\u00eda de Montecristi, al estar en una posici\u00f3n m\u00e1s elevada,<br>complica el acceso al agua, convirti\u00e9ndolo en los m\u00e1s perjudicados por esta crisis\u201d.<\/p>\n\n\n\n<p>Los alcaldes de estos dos cantones manabita hacen un llamado al Gobierno Nacional para que<br>act\u00fae de manera inmediata y contundente, e indicaron que agotar\u00e1n todas las instancias<br>necesarias para garantizar que sus voces sean escuchadas y que las necesidades<br>fundamentales de los ciudadanos sean atendidas.<\/p>\n\n\n\n<div class=\"wp-block-essential-blocks-social\"><div class=\"eb-parent-wrapper eb-parent-eb-social-links-sw8ughh \"><div class=\"eb-social-links-sw8ughh eb-social-links-wrapper\"><ul class=\"eb-socials\"><li><a class=\"facebook-f-original  \" href=\"\/\/www.facebook.com\/YoSoyElMercurio\/?locale=es_LA\" target=\"_blank\" rel=\"noopener\"><i class=\"hvr-icon eb-social-icon fab fa-facebook-f\"><\/i><\/a><\/li><li><a class=\"twitter-original  \" href=\"\/\/twitter.com\/elmercuriomanta\" target=\"_blank\" rel=\"noopener\"><i class=\"hvr-icon eb-social-icon fab fa-twitter\"><\/i><\/a><\/li><li><a class=\"instagram-original  \" href=\"\/\/www.instagram.com\/elmercuriomanta\/?hl=es\" target=\"_blank\" rel=\"noopener\"><i class=\"hvr-icon eb-social-icon fab fa-instagram\"><\/i><\/a><\/li><\/ul><\/div><\/div><\/div>\n","protected":false},"excerpt":{"rendered":"<p>Cerca de 500 mil habitantes est\u00e1n afectados por la falta de agua en los cantones de Montecristi,<br \/>\nJaramij\u00f3 y Manta, la desesperaci\u00f3n de la ciudadan\u00eda es sentida por los Alcaldes, quienes han<br \/>\nmantenido reuniones constantes para buscar soluci\u00f3n, sin embargo, al no tener respuesta<br \/>\ntoman medidas m\u00e1s fuertes para exigir al Gobierno Nacional atenci\u00f3n y que entregue el agua<br \/>\nacordada mediante convenio en el a\u00f1o 2016, como compensaci\u00f3n social por la construcci\u00f3n<br \/>\nde la Refiner\u00eda del Pacifico.<\/p>\n","protected":false},"author":12,"featured_media":4634,"comment_status":"open","ping_status":"open","sticky":false,"template":"","format":"standard","meta":{"footnotes":""},"categories":[19],"tags":[],"class_list":["post-4633","post","type-post","status-publish","format-standard","has-post-thumbnail","hentry","category-portada-1"],"_links":{"self":[{"href":"https:\/\/elmercuriomanta.ec\/index.php\/wp-json\/wp\/v2\/posts\/4633","targetHints":{"allow":["GET"]}}],"collection":[{"href":"https:\/\/elmercuriomanta.ec\/index.php\/wp-json\/wp\/v2\/posts"}],"about":[{"href":"https:\/\/elmercuriomanta.ec\/index.php\/wp-json\/wp\/v2\/types\/post"}],"author":[{"embeddable":true,"href":"https:\/\/elmercuriomanta.ec\/index.php\/wp-json\/wp\/v2\/users\/12"}],"replies":[{"embeddable":true,"href":"https:\/\/elmercuriomanta.ec\/index.php\/wp-json\/wp\/v2\/comments?post=4633"}],"version-history":[{"count":4,"href":"https:\/\/elmercuriomanta.ec\/index.php\/wp-json\/wp\/v2\/posts\/4633\/revisions"}],"predecessor-version":[{"id":4638,"href":"https:\/\/elmercuriomanta.ec\/index.php\/wp-json\/wp\/v2\/posts\/4633\/revisions\/4638"}],"wp:featuredmedia":[{"embeddable":true,"href":"https:\/\/elmercuriomanta.ec\/index.php\/wp-json\/wp\/v2\/media\/4634"}],"wp:attachment":[{"href":"https:\/\/elmercuriomanta.ec\/index.php\/wp-json\/wp\/v2\/media?parent=4633"}],"wp:term":[{"taxonomy":"category","embeddable":true,"href":"https:\/\/elmercuriomanta.ec\/index.php\/wp-json\/wp\/v2\/categories?post=4633"},{"taxonomy":"post_tag","embeddable":true,"href":"https:\/\/elmercuriomanta.ec\/index.php\/wp-json\/wp\/v2\/tags?post=4633"}],"curies":[{"name":"wp","href":"https:\/\/api.w.org\/{rel}","templated":true}]}}