{"id":46152,"date":"2025-06-18T12:28:46","date_gmt":"2025-06-18T17:28:46","guid":{"rendered":"https:\/\/elmercuriomanta.ec\/?p=46152"},"modified":"2025-06-18T12:43:10","modified_gmt":"2025-06-18T17:43:10","slug":"mateo-ramirez-debutara-con-el-uae-team-emirates-en-el-giro-dellappennino","status":"publish","type":"post","link":"https:\/\/elmercuriomanta.ec\/index.php\/2025\/06\/18\/mateo-ramirez-debutara-con-el-uae-team-emirates-en-el-giro-dellappennino\/","title":{"rendered":"Mateo Ram\u00edrez debutar\u00e1 con el UAE Team Emirates en el Giro dell\u2019Appennino"},"content":{"rendered":"\n<figure class=\"wp-block-image aligncenter size-full is-resized\"><img fetchpriority=\"high\" decoding=\"async\" width=\"832\" height=\"468\" src=\"https:\/\/elmercuriomanta.ec\/wp-content\/uploads\/2025\/06\/6851adb037b74.jpeg\" alt=\"\" class=\"wp-image-46156\" style=\"width:551px;height:auto\" srcset=\"https:\/\/elmercuriomanta.ec\/wp-content\/uploads\/2025\/06\/6851adb037b74.jpeg 832w, https:\/\/elmercuriomanta.ec\/wp-content\/uploads\/2025\/06\/6851adb037b74-300x169.jpeg 300w, https:\/\/elmercuriomanta.ec\/wp-content\/uploads\/2025\/06\/6851adb037b74-768x432.jpeg 768w\" sizes=\"(max-width: 832px) 100vw, 832px\" \/><\/figure>\n\n\n\n<p>Ecuador suma un nuevo ciclista en el World Tour. Se trata de Mateo Ram\u00edrez, que, con 19 a\u00f1os, har\u00e1 su debut en el UAE Team Emirates, uno de los mejores del mundo.<\/p>\n\n\n\n<figure class=\"wp-block-image aligncenter size-full is-resized\"><img decoding=\"async\" width=\"820\" height=\"820\" src=\"https:\/\/elmercuriomanta.ec\/wp-content\/uploads\/2025\/06\/6851b0fe7ac4e.jpeg\" alt=\"\" class=\"wp-image-46158\" style=\"width:508px;height:auto\" srcset=\"https:\/\/elmercuriomanta.ec\/wp-content\/uploads\/2025\/06\/6851b0fe7ac4e.jpeg 820w, https:\/\/elmercuriomanta.ec\/wp-content\/uploads\/2025\/06\/6851b0fe7ac4e-300x300.jpeg 300w, https:\/\/elmercuriomanta.ec\/wp-content\/uploads\/2025\/06\/6851b0fe7ac4e-150x150.jpeg 150w, https:\/\/elmercuriomanta.ec\/wp-content\/uploads\/2025\/06\/6851b0fe7ac4e-768x768.jpeg 768w\" sizes=\"(max-width: 820px) 100vw, 820px\" \/><figcaption class=\"wp-element-caption\">N\u00f3mina oficial del UAE Team Emirates para el Giro dell&#8217;Appennino.UAE Team Emirates<\/figcaption><\/figure>\n\n\n\n<p>El conjunto de Emiratos \u00c1rabes Unidos anunci\u00f3 oficialmente su convocatoria para el Giro dell\u2019Appennino, una carrera de un d\u00eda que se disputar\u00e1 el martes 24 de junio en Italia.<\/p>\n\n\n\n<p>El ecuatoriano firm\u00f3 un contrato con este equipo hasta 2026. \u00abRam\u00edrez viene de una racha de resultados positivos en Sudam\u00e9rica y va a aprender en Europa junto con sus compa\u00f1eros Sub 23\u00bb, public\u00f3 el club en un comunicado.<\/p>\n\n\n\n<p>Este a\u00f1o, el Giro dell&#8217;Appennino tendr\u00e1 un trayecto de 203,3 kil\u00f3metros, con un desnivel de 2.832 metros, y cinco puertos de monta\u00f1a.<\/p>\n\n\n\n<figure class=\"wp-block-image aligncenter size-large is-resized\"><img decoding=\"async\" width=\"777\" height=\"1024\" src=\"https:\/\/elmercuriomanta.ec\/wp-content\/uploads\/2025\/06\/GtvDGz0XAAATxDC-777x1024.jpeg\" alt=\"\" class=\"wp-image-46160\" style=\"width:431px;height:auto\" srcset=\"https:\/\/elmercuriomanta.ec\/wp-content\/uploads\/2025\/06\/GtvDGz0XAAATxDC-777x1024.jpeg 777w, https:\/\/elmercuriomanta.ec\/wp-content\/uploads\/2025\/06\/GtvDGz0XAAATxDC-228x300.jpeg 228w, https:\/\/elmercuriomanta.ec\/wp-content\/uploads\/2025\/06\/GtvDGz0XAAATxDC-768x1012.jpeg 768w, https:\/\/elmercuriomanta.ec\/wp-content\/uploads\/2025\/06\/GtvDGz0XAAATxDC-1166x1536.jpeg 1166w, https:\/\/elmercuriomanta.ec\/wp-content\/uploads\/2025\/06\/GtvDGz0XAAATxDC.jpeg 1320w\" sizes=\"(max-width: 777px) 100vw, 777px\" \/><figcaption class=\"wp-element-caption\">Mateo Ram\u00edrez con el uniforme oficial del UAE Team Emirates<\/figcaption><\/figure>\n\n\n\n<p>La llegada de Mateo Ram\u00edrez a un equipo de primer nivel como el UAE Team Emirates no es sorpresa. El ciclista ecuatoriano viene de una importante trayectoria en su corta carrera.<\/p>\n\n\n\n<p>A sus 17 a\u00f1os, el quite\u00f1o tuvo su primera oportunidad de correr en Europa, con una pasant\u00eda en el equipo espa\u00f1ol Talavera de la Reina.<br><\/p>\n","protected":false},"excerpt":{"rendered":"<p>Ecuador suma un nuevo ciclista en el World Tour. Se trata de Mateo Ram\u00edrez, que, con 19 a\u00f1os, har\u00e1 su debut en el UAE Team Emirates, uno de los mejores del mundo.<\/p>\n","protected":false},"author":14,"featured_media":46156,"comment_status":"open","ping_status":"open","sticky":false,"template":"","format":"standard","meta":{"footnotes":""},"categories":[9],"tags":[14],"class_list":["post-46152","post","type-post","status-publish","format-standard","has-post-thumbnail","hentry","category-deportes","tag-deportes"],"_links":{"self":[{"href":"https:\/\/elmercuriomanta.ec\/index.php\/wp-json\/wp\/v2\/posts\/46152","targetHints":{"allow":["GET"]}}],"collection":[{"href":"https:\/\/elmercuriomanta.ec\/index.php\/wp-json\/wp\/v2\/posts"}],"about":[{"href":"https:\/\/elmercuriomanta.ec\/index.php\/wp-json\/wp\/v2\/types\/post"}],"author":[{"embeddable":true,"href":"https:\/\/elmercuriomanta.ec\/index.php\/wp-json\/wp\/v2\/users\/14"}],"replies":[{"embeddable":true,"href":"https:\/\/elmercuriomanta.ec\/index.php\/wp-json\/wp\/v2\/comments?post=46152"}],"version-history":[{"count":4,"href":"https:\/\/elmercuriomanta.ec\/index.php\/wp-json\/wp\/v2\/posts\/46152\/revisions"}],"predecessor-version":[{"id":46161,"href":"https:\/\/elmercuriomanta.ec\/index.php\/wp-json\/wp\/v2\/posts\/46152\/revisions\/46161"}],"wp:featuredmedia":[{"embeddable":true,"href":"https:\/\/elmercuriomanta.ec\/index.php\/wp-json\/wp\/v2\/media\/46156"}],"wp:attachment":[{"href":"https:\/\/elmercuriomanta.ec\/index.php\/wp-json\/wp\/v2\/media?parent=46152"}],"wp:term":[{"taxonomy":"category","embeddable":true,"href":"https:\/\/elmercuriomanta.ec\/index.php\/wp-json\/wp\/v2\/categories?post=46152"},{"taxonomy":"post_tag","embeddable":true,"href":"https:\/\/elmercuriomanta.ec\/index.php\/wp-json\/wp\/v2\/tags?post=46152"}],"curies":[{"name":"wp","href":"https:\/\/api.w.org\/{rel}","templated":true}]}}