{"id":46146,"date":"2025-06-18T12:13:58","date_gmt":"2025-06-18T17:13:58","guid":{"rendered":"https:\/\/elmercuriomanta.ec\/?p=46146"},"modified":"2025-06-18T12:23:27","modified_gmt":"2025-06-18T17:23:27","slug":"sin-escapatoria-corte-de-manabi-confirma-condena-al-exfiscal-juan-carlos-i-por-violencia-psicologica","status":"publish","type":"post","link":"https:\/\/elmercuriomanta.ec\/index.php\/2025\/06\/18\/sin-escapatoria-corte-de-manabi-confirma-condena-al-exfiscal-juan-carlos-i-por-violencia-psicologica\/","title":{"rendered":"Sin escapatoria: Corte de Manab\u00ed ratifica la condena al exfiscal Juan Carlos I. por violencia psicol\u00f3gica contra Naomi Arcentales"},"content":{"rendered":"\n<figure class=\"wp-block-image aligncenter size-full is-resized\"><img fetchpriority=\"high\" decoding=\"async\" width=\"510\" height=\"600\" src=\"https:\/\/elmercuriomanta.ec\/wp-content\/uploads\/2025\/06\/image-236.png\" alt=\"\" class=\"wp-image-46149\" style=\"width:168px;height:auto\" srcset=\"https:\/\/elmercuriomanta.ec\/wp-content\/uploads\/2025\/06\/image-236.png 510w, https:\/\/elmercuriomanta.ec\/wp-content\/uploads\/2025\/06\/image-236-255x300.png 255w\" sizes=\"(max-width: 510px) 100vw, 510px\" \/><\/figure>\n\n\n\n<p> La Sala Penal de la Corte Provincial de Justicia de Manab\u00ed rechaz\u00f3 el recurso de apelaci\u00f3n presentado por la defensa del exfiscal Juan Carlos Izquiero, y ratific\u00f3 la sentencia de tres a\u00f1os de prisi\u00f3n por el delito de violencia psicol\u00f3gica perpetrado contra su entonces conviviente, Naomi A. (+).<\/p>\n\n\n\n<figure class=\"wp-block-embed is-type-rich is-provider-twitter wp-block-embed-twitter\"><div class=\"wp-block-embed__wrapper\">\n<blockquote class=\"twitter-tweet\" data-width=\"550\" data-dnt=\"true\"><p lang=\"es\" dir=\"ltr\"><a href=\"https:\/\/twitter.com\/hashtag\/ATENCI%C3%93N?src=hash&amp;ref_src=twsrc%5Etfw\">#ATENCI\u00d3N<\/a> | <a href=\"https:\/\/twitter.com\/hashtag\/Manab%C3%AD?src=hash&amp;ref_src=twsrc%5Etfw\">#Manab\u00ed<\/a>: la Sala Penal de la Corte Provincial rechaza el recurso de apelaci\u00f3n y ratifica la sentencia de 3 a\u00f1os de prisi\u00f3n contra el exagente fiscal Juan Carlos I., declarado culpable del delito de <a href=\"https:\/\/twitter.com\/hashtag\/ViolenciaPsicol%C3%B3gica?src=hash&amp;ref_src=twsrc%5Etfw\">#ViolenciaPsicol\u00f3gica<\/a> perpetrado contra su conviviente <a href=\"https:\/\/twitter.com\/hashtag\/NaomiA?src=hash&amp;ref_src=twsrc%5Etfw\">#NaomiA<\/a> (+). <a href=\"https:\/\/t.co\/0FdyGXktm1\">pic.twitter.com\/0FdyGXktm1<\/a><\/p>&mdash; Fiscal\u00eda Ecuador (@FiscaliaEcuador) <a href=\"https:\/\/twitter.com\/FiscaliaEcuador\/status\/1935370276281201077?ref_src=twsrc%5Etfw\">June 18, 2025<\/a><\/blockquote><script async src=\"https:\/\/platform.twitter.com\/widgets.js\" charset=\"utf-8\"><\/script>\n<\/div><\/figure>\n\n\n\n<p>El fallo reafirma la resoluci\u00f3n emitida en primera instancia, que encontr\u00f3 al exfuncionario culpable de ejercer un patr\u00f3n sistem\u00e1tico de maltrato emocional, afectando la salud psicol\u00f3gica y dignidad de la v\u00edctima. Naomi A. falleci\u00f3 posteriormente, aunque la causa por su muerte no est\u00e1 relacionada directamente con este proceso.<\/p>\n\n\n\n<p>Durante el juicio, la Fiscal\u00eda present\u00f3 pruebas periciales, testimonios y documentaci\u00f3n que demostraron la existencia de una relaci\u00f3n marcada por constantes humillaciones, amenazas y control emocional por parte del ahora condenado.<\/p>\n\n\n\n<p>Con esta resoluci\u00f3n, el tribunal provincial confirm\u00f3 la responsabilidad penal de Juan Carlos I., quien deber\u00e1 cumplir su condena en un centro de rehabilitaci\u00f3n social.<\/p>\n\n\n\n<p>Este caso ha generado conmoci\u00f3n en la provincia y reabre el debate sobre la violencia de g\u00e9nero en el entorno institucional y familiar, especialmente cuando involucra a servidores p\u00fablicos encargados de hacer cumplir la ley.<\/p>\n","protected":false},"excerpt":{"rendered":"<p>La Sala Penal de la Corte Provincial de Justicia de Manab\u00ed rechaz\u00f3 el recurso de apelaci\u00f3n presentado por la defensa del exfiscal Juan Carlos Izquiero, y ratific\u00f3 la sentencia de tres a\u00f1os de prisi\u00f3n por el delito de violencia psicol\u00f3gica perpetrado contra su entonces conviviente, Naomi A. (+).<\/p>\n","protected":false},"author":14,"featured_media":46149,"comment_status":"open","ping_status":"open","sticky":false,"template":"","format":"standard","meta":{"footnotes":""},"categories":[16,1],"tags":[91],"class_list":["post-46146","post","type-post","status-publish","format-standard","has-post-thumbnail","hentry","category-cronica","category-uncategorized","tag-cronica"],"_links":{"self":[{"href":"https:\/\/elmercuriomanta.ec\/index.php\/wp-json\/wp\/v2\/posts\/46146","targetHints":{"allow":["GET"]}}],"collection":[{"href":"https:\/\/elmercuriomanta.ec\/index.php\/wp-json\/wp\/v2\/posts"}],"about":[{"href":"https:\/\/elmercuriomanta.ec\/index.php\/wp-json\/wp\/v2\/types\/post"}],"author":[{"embeddable":true,"href":"https:\/\/elmercuriomanta.ec\/index.php\/wp-json\/wp\/v2\/users\/14"}],"replies":[{"embeddable":true,"href":"https:\/\/elmercuriomanta.ec\/index.php\/wp-json\/wp\/v2\/comments?post=46146"}],"version-history":[{"count":3,"href":"https:\/\/elmercuriomanta.ec\/index.php\/wp-json\/wp\/v2\/posts\/46146\/revisions"}],"predecessor-version":[{"id":46151,"href":"https:\/\/elmercuriomanta.ec\/index.php\/wp-json\/wp\/v2\/posts\/46146\/revisions\/46151"}],"wp:featuredmedia":[{"embeddable":true,"href":"https:\/\/elmercuriomanta.ec\/index.php\/wp-json\/wp\/v2\/media\/46149"}],"wp:attachment":[{"href":"https:\/\/elmercuriomanta.ec\/index.php\/wp-json\/wp\/v2\/media?parent=46146"}],"wp:term":[{"taxonomy":"category","embeddable":true,"href":"https:\/\/elmercuriomanta.ec\/index.php\/wp-json\/wp\/v2\/categories?post=46146"},{"taxonomy":"post_tag","embeddable":true,"href":"https:\/\/elmercuriomanta.ec\/index.php\/wp-json\/wp\/v2\/tags?post=46146"}],"curies":[{"name":"wp","href":"https:\/\/api.w.org\/{rel}","templated":true}]}}