{"id":46048,"date":"2025-06-17T14:12:45","date_gmt":"2025-06-17T19:12:45","guid":{"rendered":"https:\/\/elmercuriomanta.ec\/?p=46048"},"modified":"2025-06-17T14:57:11","modified_gmt":"2025-06-17T19:57:11","slug":"2-785-nuevos-docentes-se-incorporan-al-sistema-nacional-de-educacion-asi-fue-la-firma-simbolica-en-manta","status":"publish","type":"post","link":"https:\/\/elmercuriomanta.ec\/index.php\/2025\/06\/17\/2-785-nuevos-docentes-se-incorporan-al-sistema-nacional-de-educacion-asi-fue-la-firma-simbolica-en-manta\/","title":{"rendered":"2.785 nuevos docentes se incorporan al Sistema Nacional de Educaci\u00f3n : As\u00ed fue la\u00a0 firma simb\u00f3lica en Manta"},"content":{"rendered":"\n<figure class=\"wp-block-image aligncenter size-large is-resized\"><img fetchpriority=\"high\" decoding=\"async\" width=\"1024\" height=\"683\" src=\"https:\/\/elmercuriomanta.ec\/wp-content\/uploads\/2025\/06\/GtqqJdlWwAAHi5f-1024x683.jpg\" alt=\"\" class=\"wp-image-46056\" style=\"width:396px;height:auto\" srcset=\"https:\/\/elmercuriomanta.ec\/wp-content\/uploads\/2025\/06\/GtqqJdlWwAAHi5f-1024x683.jpg 1024w, https:\/\/elmercuriomanta.ec\/wp-content\/uploads\/2025\/06\/GtqqJdlWwAAHi5f-300x200.jpg 300w, https:\/\/elmercuriomanta.ec\/wp-content\/uploads\/2025\/06\/GtqqJdlWwAAHi5f-768x512.jpg 768w, https:\/\/elmercuriomanta.ec\/wp-content\/uploads\/2025\/06\/GtqqJdlWwAAHi5f-1536x1025.jpg 1536w, https:\/\/elmercuriomanta.ec\/wp-content\/uploads\/2025\/06\/GtqqJdlWwAAHi5f.jpg 2048w\" sizes=\"(max-width: 1024px) 100vw, 1024px\" \/><\/figure>\n\n\n\n<p>En la<strong> Unidad Educativa Luis Arboleda Mart\u00ednez<\/strong>, en <strong>Manta<\/strong>, se celebr\u00f3 una nueva incorporaci\u00f3n laboral de docentes al Sistema Nacional de Educaci\u00f3n. El evento cont\u00f3 con la presencia del presidente Daniel Noboa, la ministra Alegria Crespo y m\u00e1s autoridades. La Ministra destac\u00f3 que 2.785 nuevos docentes le dicen s\u00ed a la vocaci\u00f3n m\u00e1s noble de todas: ense\u00f1ar para transformar.<\/p>\n\n\n\n<figure class=\"wp-block-embed is-type-rich is-provider-twitter wp-block-embed-twitter\"><div class=\"wp-block-embed__wrapper\">\n<blockquote class=\"twitter-tweet\" data-width=\"550\" data-dnt=\"true\"><p lang=\"es\" dir=\"ltr\">\ud83d\udccd [MANTA] Con ilusi\u00f3n y compromiso celebramos una nueva incorporaci\u00f3n laboral de docentes al Sistema Nacional de Educaci\u00f3n durante un emotivo evento que cont\u00f3 con la presencia del presidente <a href=\"https:\/\/twitter.com\/DanielNoboaOk?ref_src=twsrc%5Etfw\">@DanielNoboaOk<\/a> \ud83c\uddea\ud83c\udde8, la ministra <a href=\"https:\/\/twitter.com\/AlegriaCrespo?ref_src=twsrc%5Etfw\">@AlegriaCrespo<\/a> y m\u00e1s autoridades. <br><br>Durante su\u2026 <a href=\"https:\/\/t.co\/mWt0MMxEBI\">pic.twitter.com\/mWt0MMxEBI<\/a><\/p>&mdash; Ministerio de Educaci\u00f3n del Ecuador (@Educacion_Ec) <a href=\"https:\/\/twitter.com\/Educacion_Ec\/status\/1935046078648476074?ref_src=twsrc%5Etfw\">June 17, 2025<\/a><\/blockquote><script async src=\"https:\/\/platform.twitter.com\/widgets.js\" charset=\"utf-8\"><\/script>\n<\/div><\/figure>\n\n\n\n<p><br><\/p>\n\n\n\n<p>Adem\u00e1s, la Ministra anunci\u00f3 que 1.835 docentes, que esperaban desde 2022 acceder a la homologaci\u00f3n y equiparaci\u00f3n salarial, recibir\u00e1n su compensaci\u00f3n econ\u00f3mica con car\u00e1cter retroactivo.<\/p>\n\n\n\n<p>Por otra parte, el presidente Daniel Noboa <strong>respondi\u00f3 a las cr\u00edticas sobre una supuesta intenci\u00f3n de privatizar el sistema educativ<\/strong>o: \u201cA\u00fan as\u00ed ten\u00edamos a odiadores y gente malintencionada que dec\u00eda que Noboa quer\u00eda privatizar la educaci\u00f3n. Lo que hemos hecho es parar la corrupci\u00f3n\u201d.<br><\/p>\n\n\n\n<p>Adem\u00e1s, destac\u00f3 la importancia de invertir en el talento humano como pilar fundamental para el desarrollo del pa\u00eds. \u201cLa educaci\u00f3n transforma vidas, y ustedes, los nuevos maestros, tienen la misi\u00f3n de encender esa chispa en cada estudiante\u201d, expres\u00f3 Noboa ante cientos de asistentes.<\/p>\n\n\n\n<p>La incorporaci\u00f3n tiene una inversi\u00f3n estatal de 23 millones de d\u00f3lares, recursos que fortalecer\u00e1n el desarrollo profesional docente a nivel nacional.<\/p>\n\n\n\n<p>El Ministerio de Educaci\u00f3n explic\u00f3 que el proceso de selecci\u00f3n se realiz\u00f3 de manera transparente y en l\u00ednea, permitiendo la participaci\u00f3n equitativa de aspirantes de distintas provincias del pa\u00eds. <\/p>\n\n\n\n<p>Los nuevos docentes ser\u00e1n asignados a instituciones fiscales en diferentes zonas del pa\u00eds, priorizando aquellas con mayores necesidades de personal educativo. La medida tambi\u00e9n busca reducir la carga laboral de los actuales maestros y garantizar una mejor atenci\u00f3n pedag\u00f3gica a los estudiantes.<\/p>\n\n\n\n<p id=\"m102-101-103\">La\u00a0<strong>educaci\u00f3n p\u00fablica en Ecuador\u00a0<\/strong>recibi\u00f3 este martes un nuevo impulso con la incorporaci\u00f3n de 2.781 docentes al sistema fiscal, mediante la plataforma tecnol\u00f3gica\u00a0<strong>Educa Empleo Docente<\/strong>.\u00a0<\/p>\n\n\n\n<p id=\"m140-139-141\"><\/p>\n\n\n\n<p id=\"m185-184-186\">El presidente se\u00f1al\u00f3 que el compromiso de su administraci\u00f3n va m\u00e1s all\u00e1 de discursos. \u201cEducar no es solo cumplir horarios laborales, es formar mejores seres humanos que amen a su patria. Estamos enfocados en elevar el nivel de ense\u00f1anza. Las herramientas tecnol\u00f3gicas son importantes, pero no hay nada m\u00e1s importante que tener un docente preparado\u201d, expres\u00f3.<\/p>\n\n\n\n<p id=\"m190-189-191\">En ese contexto, anunci\u00f3 que se han entregado 54.400 becas para maestros y asegur\u00f3 que \u201cel abandono a los funcionarios p\u00fablicos no va a volver jam\u00e1s como en los dos \u00faltimos gobiernos. No vamos a solapar a nadie que haga las cosas mal o est\u00e9 involucrado en corrupci\u00f3n\u201d.<\/p>\n\n\n\n<p><br><\/p>\n","protected":false},"excerpt":{"rendered":"<p>En la Unidad Educativa Luis Arboleda Mart\u00ednez, en Manta, se celebr\u00f3 una nueva incorporaci\u00f3n laboral de docentes al Sistema Nacional de Educaci\u00f3n. El evento cont\u00f3 con la presencia del presidente Daniel Noboa, la ministra Alegria Crespo y m\u00e1s autoridades. La Ministra destac\u00f3 que 2.785 nuevos docentes le dicen s\u00ed a la vocaci\u00f3n m\u00e1s noble de todas: ense\u00f1ar para transformar.<\/p>\n","protected":false},"author":14,"featured_media":46056,"comment_status":"open","ping_status":"open","sticky":false,"template":"","format":"standard","meta":{"footnotes":""},"categories":[19,1],"tags":[38],"class_list":["post-46048","post","type-post","status-publish","format-standard","has-post-thumbnail","hentry","category-portada-1","category-uncategorized","tag-manta"],"_links":{"self":[{"href":"https:\/\/elmercuriomanta.ec\/index.php\/wp-json\/wp\/v2\/posts\/46048","targetHints":{"allow":["GET"]}}],"collection":[{"href":"https:\/\/elmercuriomanta.ec\/index.php\/wp-json\/wp\/v2\/posts"}],"about":[{"href":"https:\/\/elmercuriomanta.ec\/index.php\/wp-json\/wp\/v2\/types\/post"}],"author":[{"embeddable":true,"href":"https:\/\/elmercuriomanta.ec\/index.php\/wp-json\/wp\/v2\/users\/14"}],"replies":[{"embeddable":true,"href":"https:\/\/elmercuriomanta.ec\/index.php\/wp-json\/wp\/v2\/comments?post=46048"}],"version-history":[{"count":3,"href":"https:\/\/elmercuriomanta.ec\/index.php\/wp-json\/wp\/v2\/posts\/46048\/revisions"}],"predecessor-version":[{"id":46050,"href":"https:\/\/elmercuriomanta.ec\/index.php\/wp-json\/wp\/v2\/posts\/46048\/revisions\/46050"}],"wp:featuredmedia":[{"embeddable":true,"href":"https:\/\/elmercuriomanta.ec\/index.php\/wp-json\/wp\/v2\/media\/46056"}],"wp:attachment":[{"href":"https:\/\/elmercuriomanta.ec\/index.php\/wp-json\/wp\/v2\/media?parent=46048"}],"wp:term":[{"taxonomy":"category","embeddable":true,"href":"https:\/\/elmercuriomanta.ec\/index.php\/wp-json\/wp\/v2\/categories?post=46048"},{"taxonomy":"post_tag","embeddable":true,"href":"https:\/\/elmercuriomanta.ec\/index.php\/wp-json\/wp\/v2\/tags?post=46048"}],"curies":[{"name":"wp","href":"https:\/\/api.w.org\/{rel}","templated":true}]}}