{"id":45900,"date":"2025-06-16T10:11:55","date_gmt":"2025-06-16T15:11:55","guid":{"rendered":"https:\/\/elmercuriomanta.ec\/?p=45900"},"modified":"2025-06-16T10:13:44","modified_gmt":"2025-06-16T15:13:44","slug":"golpe-binacional-al-narcotrafico-destruyen-laboratorio-clandestino-en-sucumbios","status":"publish","type":"post","link":"https:\/\/elmercuriomanta.ec\/index.php\/2025\/06\/16\/golpe-binacional-al-narcotrafico-destruyen-laboratorio-clandestino-en-sucumbios\/","title":{"rendered":"Golpe binacional al narcotr\u00e1fico: destruyen laboratorio clandestino en Sucumb\u00edos"},"content":{"rendered":"\n<figure class=\"wp-block-image aligncenter size-large is-resized\"><img fetchpriority=\"high\" decoding=\"async\" width=\"1024\" height=\"697\" src=\"https:\/\/elmercuriomanta.ec\/wp-content\/uploads\/2025\/06\/GtkmaajWIAAQNT6-1024x697.jpg\" alt=\"\" class=\"wp-image-45902\" style=\"width:436px;height:auto\" srcset=\"https:\/\/elmercuriomanta.ec\/wp-content\/uploads\/2025\/06\/GtkmaajWIAAQNT6-1024x697.jpg 1024w, https:\/\/elmercuriomanta.ec\/wp-content\/uploads\/2025\/06\/GtkmaajWIAAQNT6-300x204.jpg 300w, https:\/\/elmercuriomanta.ec\/wp-content\/uploads\/2025\/06\/GtkmaajWIAAQNT6-768x523.jpg 768w, https:\/\/elmercuriomanta.ec\/wp-content\/uploads\/2025\/06\/GtkmaajWIAAQNT6.jpg 1279w\" sizes=\"(max-width: 1024px) 100vw, 1024px\" \/><\/figure>\n\n\n\n<p>En una contundente acci\u00f3n conjunta, el Bloque de Seguridad del Ecuador, en coordinaci\u00f3n con las Fuerzas Armadas ecuatorianas y las Fuerzas Militares de Colombia, ejecut\u00f3 una operaci\u00f3n tipo \u201cespejo\u201d que permiti\u00f3 localizar y destruir un laboratorio clandestino de procesamiento de clorhidrato y pasta base de coca\u00edna, ubicado en la frontera norte, espec\u00edficamente frente al sector El Calvario, en la parroquia Santa B\u00e1rbara, provincia de Sucumb\u00edos.<\/p>\n\n\n\n<p>La operaci\u00f3n se enmarca en la estrategia binacional para combatir el crimen organizado transnacional y representa un golpe directo a las econom\u00edas il\u00edcitas que operan en la zona, afectando la seguridad y estabilidad de ambos pa\u00edses.<\/p>\n\n\n\n<figure class=\"wp-block-embed is-type-rich is-provider-twitter wp-block-embed-twitter\"><div class=\"wp-block-embed__wrapper\">\n<blockquote class=\"twitter-tweet\" data-width=\"550\" data-dnt=\"true\"><p lang=\"es\" dir=\"ltr\">\u00a1OPERACIONES TIPO &quot;ESPEJO&quot; PARA COMBATIR EL NARCOTR\u00c1FICO EN LA FRONTERA NORTE!\ud83d\udcaa<br><br>\u27a1\ufe0fEn una acci\u00f3n conjunta, el <a href=\"https:\/\/twitter.com\/hashtag\/BloqueDeSeguridad?src=hash&amp;ref_src=twsrc%5Etfw\">#BloqueDeSeguridad<\/a>, en coordinaci\u00f3n con las Fuerzas Armadas del <a href=\"https:\/\/twitter.com\/hashtag\/Ecuador?src=hash&amp;ref_src=twsrc%5Etfw\">#Ecuador<\/a> y las Fuerzas Militares de <a href=\"https:\/\/twitter.com\/hashtag\/Colombia?src=hash&amp;ref_src=twsrc%5Etfw\">#Colombia<\/a>, localiz\u00f3 y destruy\u00f3 un laboratorio clandestino de\u2026 <a href=\"https:\/\/t.co\/IHK0VwbCzX\">pic.twitter.com\/IHK0VwbCzX<\/a><\/p>&mdash; Ministerio de Defensa Nacional del Ecuador (@DefensaEc) <a href=\"https:\/\/twitter.com\/DefensaEc\/status\/1934619764254560601?ref_src=twsrc%5Etfw\">June 16, 2025<\/a><\/blockquote><script async src=\"https:\/\/platform.twitter.com\/widgets.js\" charset=\"utf-8\"><\/script>\n<\/div><\/figure>\n\n\n\n<p>Este tipo de intervenciones refleja el compromiso de Ecuador y Colombia con la cooperaci\u00f3n internacional en materia de seguridad. La coordinaci\u00f3n militar entre ambas naciones ha permitido intensificar el control territorial en sectores cr\u00edticos, donde grupos delictivos aprovechan la geograf\u00eda para establecer rutas de narcotr\u00e1fico y laboratorios de procesamiento.<\/p>\n\n\n\n<p>Las autoridades destacaron que estas operaciones \u201cespejo\u201d, realizadas simult\u00e1neamente a ambos lados de la frontera, fortalecen la presencia estatal y limitan la capacidad de acci\u00f3n de las estructuras criminales que intentan operar en la regi\u00f3n amaz\u00f3nica.<\/p>\n\n\n\n<p>Ecuador y Colombia ratificaron su compromiso de mantener y reforzar este tipo de acciones conjuntas, en defensa de la soberan\u00eda, la paz y la seguridad regional.<\/p>\n","protected":false},"excerpt":{"rendered":"<p>En una contundente acci\u00f3n conjunta, el Bloque de Seguridad del Ecuador, en coordinaci\u00f3n con las Fuerzas Armadas ecuatorianas y las Fuerzas Militares de Colombia, ejecut\u00f3 una operaci\u00f3n tipo \u201cespejo\u201d que permiti\u00f3 localizar y destruir un laboratorio clandestino de procesamiento de clorhidrato y pasta base de coca\u00edna, ubicado en la frontera norte, espec\u00edficamente frente al sector El Calvario, en la parroquia Santa B\u00e1rbara, provincia de Sucumb\u00edos.<\/p>\n","protected":false},"author":14,"featured_media":45902,"comment_status":"open","ping_status":"open","sticky":false,"template":"","format":"standard","meta":{"footnotes":""},"categories":[16,20,1],"tags":[91],"class_list":["post-45900","post","type-post","status-publish","format-standard","has-post-thumbnail","hentry","category-cronica","category-portada-2","category-uncategorized","tag-cronica"],"_links":{"self":[{"href":"https:\/\/elmercuriomanta.ec\/index.php\/wp-json\/wp\/v2\/posts\/45900","targetHints":{"allow":["GET"]}}],"collection":[{"href":"https:\/\/elmercuriomanta.ec\/index.php\/wp-json\/wp\/v2\/posts"}],"about":[{"href":"https:\/\/elmercuriomanta.ec\/index.php\/wp-json\/wp\/v2\/types\/post"}],"author":[{"embeddable":true,"href":"https:\/\/elmercuriomanta.ec\/index.php\/wp-json\/wp\/v2\/users\/14"}],"replies":[{"embeddable":true,"href":"https:\/\/elmercuriomanta.ec\/index.php\/wp-json\/wp\/v2\/comments?post=45900"}],"version-history":[{"count":2,"href":"https:\/\/elmercuriomanta.ec\/index.php\/wp-json\/wp\/v2\/posts\/45900\/revisions"}],"predecessor-version":[{"id":45904,"href":"https:\/\/elmercuriomanta.ec\/index.php\/wp-json\/wp\/v2\/posts\/45900\/revisions\/45904"}],"wp:featuredmedia":[{"embeddable":true,"href":"https:\/\/elmercuriomanta.ec\/index.php\/wp-json\/wp\/v2\/media\/45902"}],"wp:attachment":[{"href":"https:\/\/elmercuriomanta.ec\/index.php\/wp-json\/wp\/v2\/media?parent=45900"}],"wp:term":[{"taxonomy":"category","embeddable":true,"href":"https:\/\/elmercuriomanta.ec\/index.php\/wp-json\/wp\/v2\/categories?post=45900"},{"taxonomy":"post_tag","embeddable":true,"href":"https:\/\/elmercuriomanta.ec\/index.php\/wp-json\/wp\/v2\/tags?post=45900"}],"curies":[{"name":"wp","href":"https:\/\/api.w.org\/{rel}","templated":true}]}}