{"id":45755,"date":"2025-06-13T12:14:26","date_gmt":"2025-06-13T17:14:26","guid":{"rendered":"https:\/\/elmercuriomanta.ec\/?p=45755"},"modified":"2025-06-13T12:14:26","modified_gmt":"2025-06-13T17:14:26","slug":"gobierno-tilda-de-falsas-denuncias-de-aumento-de-extorsion-a-profesores","status":"publish","type":"post","link":"https:\/\/elmercuriomanta.ec\/index.php\/2025\/06\/13\/gobierno-tilda-de-falsas-denuncias-de-aumento-de-extorsion-a-profesores\/","title":{"rendered":"Gobierno Tilda de \u201cFalsas\u201d Denuncias de Aumento de Extorsi\u00f3n a Profesores"},"content":{"rendered":"\n<figure class=\"wp-block-image aligncenter size-full is-resized\"><img fetchpriority=\"high\" decoding=\"async\" width=\"1024\" height=\"683\" src=\"https:\/\/elmercuriomanta.ec\/wp-content\/uploads\/2025\/06\/image-180.png\" alt=\"\" class=\"wp-image-45756\" style=\"width:438px;height:auto\" srcset=\"https:\/\/elmercuriomanta.ec\/wp-content\/uploads\/2025\/06\/image-180.png 1024w, https:\/\/elmercuriomanta.ec\/wp-content\/uploads\/2025\/06\/image-180-300x200.png 300w, https:\/\/elmercuriomanta.ec\/wp-content\/uploads\/2025\/06\/image-180-768x512.png 768w\" sizes=\"(max-width: 1024px) 100vw, 1024px\" \/><\/figure>\n\n\n\n<p>El Ministerio de Educaci\u00f3n de Ecuador tild\u00f3 este jueves 12 de junio de 2025 de \u201cfalsas\u201d y \u201cexageradas\u201d las afirmaciones que hizo el mi\u00e9rcoles la Uni\u00f3n de Nacional de Educadores (UNE) de Ecuador en Guayas, cuya capital es Guayaquil, sobre la situaci\u00f3n que viven los profesores por las extorsiones por parte de bandas criminales y por la que pidieron al Gobierno declarar en emergencia el sistema educativo. \u201cLa seguridad escolar se construye con hechos, no con discursos. Es una responsabilidad compartida que involucra al Estado, a los docentes, a las familias y a las comunidades.<\/p>\n\n\n\n<p>Lamentablemente, hemos visto c\u00f3mo ciertas voces, vinculadas a un gremio docente, han difundido afirmaciones falsas y exageradas que buscan instalar una narrativa de miedo y caos en la opini\u00f3n p\u00fablica\u201d, se\u00f1al\u00f3 el Ministerio en un comunicado \u201cEste tipo de mensajes no solo desinforman, sino que afectan directamente la estabilidad emocional de nuestras comunidades escolares y siembran desconfianza en momentos en los que m\u00e1s necesitamos unidad\u201d, agreg\u00f3 la cartera de Estado. Gabriela Men\u00e9ndez, presidenta en Guayas de la UNE, un sindicato que representa a los maestros que trabajan en el sistema educativo p\u00fablico del pa\u00eds, dijo el mi\u00e9rcoles que los profesores se sent\u00edan \u201cabandonados\u201d y \u201cdesprotegidos\u201d por el Gobierno.<\/p>\n","protected":false},"excerpt":{"rendered":"<p>El Ministerio de Educaci\u00f3n de Ecuador tild\u00f3 este jueves 12 de junio de 2025 de \u201cfalsas\u201d y \u201cexageradas\u201d las afirmaciones que hizo el mi\u00e9rcoles la Uni\u00f3n de Nacional de Educadores (UNE) de Ecuador en Guayas, cuya capital es Guayaquil, sobre la situaci\u00f3n que viven los profesores por las extorsiones por parte de bandas criminales y por la que pidieron al Gobierno declarar en emergencia el sistema educativo. \u201cLa seguridad escolar se construye con hechos, no con discursos. Es una responsabilidad compartida que involucra al Estado, a los docentes, a las familias y a las comunidades.<\/p>\n<p>Lamentablemente, hemos visto c\u00f3mo ciertas voces, vinculadas a un gremio docente, han difundido afirmaciones falsas y exageradas que buscan instalar una narrativa de miedo y caos en la opini\u00f3n p\u00fablica\u201d, se\u00f1al\u00f3 el Ministerio en un comunicado \u201cEste tipo de mensajes no solo desinforman, sino que afectan directamente la estabilidad emocional de nuestras comunidades escolares y siembran desconfianza en momentos en los que m\u00e1s necesitamos unidad\u201d, agreg\u00f3 la cartera de Estado. Gabriela Men\u00e9ndez, presidenta en Guayas de la UNE, un sindicato que representa a los maestros que trabajan en el sistema educativo p\u00fablico del pa\u00eds, dijo el mi\u00e9rcoles que los profesores se sent\u00edan \u201cabandonados\u201d y \u201cdesprotegidos\u201d por el Gobierno.<\/p>\n","protected":false},"author":12,"featured_media":45756,"comment_status":"open","ping_status":"open","sticky":false,"template":"","format":"standard","meta":{"footnotes":""},"categories":[1],"tags":[23],"class_list":["post-45755","post","type-post","status-publish","format-standard","has-post-thumbnail","hentry","category-uncategorized","tag-ecuador"],"_links":{"self":[{"href":"https:\/\/elmercuriomanta.ec\/index.php\/wp-json\/wp\/v2\/posts\/45755","targetHints":{"allow":["GET"]}}],"collection":[{"href":"https:\/\/elmercuriomanta.ec\/index.php\/wp-json\/wp\/v2\/posts"}],"about":[{"href":"https:\/\/elmercuriomanta.ec\/index.php\/wp-json\/wp\/v2\/types\/post"}],"author":[{"embeddable":true,"href":"https:\/\/elmercuriomanta.ec\/index.php\/wp-json\/wp\/v2\/users\/12"}],"replies":[{"embeddable":true,"href":"https:\/\/elmercuriomanta.ec\/index.php\/wp-json\/wp\/v2\/comments?post=45755"}],"version-history":[{"count":1,"href":"https:\/\/elmercuriomanta.ec\/index.php\/wp-json\/wp\/v2\/posts\/45755\/revisions"}],"predecessor-version":[{"id":45757,"href":"https:\/\/elmercuriomanta.ec\/index.php\/wp-json\/wp\/v2\/posts\/45755\/revisions\/45757"}],"wp:featuredmedia":[{"embeddable":true,"href":"https:\/\/elmercuriomanta.ec\/index.php\/wp-json\/wp\/v2\/media\/45756"}],"wp:attachment":[{"href":"https:\/\/elmercuriomanta.ec\/index.php\/wp-json\/wp\/v2\/media?parent=45755"}],"wp:term":[{"taxonomy":"category","embeddable":true,"href":"https:\/\/elmercuriomanta.ec\/index.php\/wp-json\/wp\/v2\/categories?post=45755"},{"taxonomy":"post_tag","embeddable":true,"href":"https:\/\/elmercuriomanta.ec\/index.php\/wp-json\/wp\/v2\/tags?post=45755"}],"curies":[{"name":"wp","href":"https:\/\/api.w.org\/{rel}","templated":true}]}}