{"id":45683,"date":"2025-06-12T16:30:52","date_gmt":"2025-06-12T21:30:52","guid":{"rendered":"https:\/\/elmercuriomanta.ec\/?p=45683"},"modified":"2025-06-12T16:44:02","modified_gmt":"2025-06-12T21:44:02","slug":"45683","status":"publish","type":"post","link":"https:\/\/elmercuriomanta.ec\/index.php\/2025\/06\/12\/45683\/","title":{"rendered":"\u00abLa paciencia se acabo\u00bb : Obreros de Manta protestan por sueldos impagos y amenazan con movilizaci\u00f3n en Quito"},"content":{"rendered":"\n<p>En los exteriores del Municipio de Manta, decenas de obreros municipales se concentraron esta ma\u00f1ana para exigir el pago completo de sus sueldos correspondientes a los meses de abril y mayo, que a\u00fan no han sido cancelados. Con pancartas en mano y consignas de protesta, los trabajadores expresaron su indignaci\u00f3n y advirtieron que la paciencia se les ha terminado.<\/p>\n\n\n\n<p>\u201cEstamos reclamando lo que por derecho nos corresponde. Llevamos dos meses sin recibir nuestro salario, sin aportes al IESS, y no podemos seguir as\u00ed. Este sueldo representa el derecho a la vida. Sin alimentaci\u00f3n ni condiciones b\u00e1sicas, es imposible cumplir con trabajos tan duros como la recolecci\u00f3n de basura o los turnos de 12 horas en los puestos de control\u201d, expres\u00f3 uno de los representantes de los obreros.<\/p>\n\n\n\n<p>La dirigencia tambi\u00e9n inform\u00f3 que mantuvieron una reuni\u00f3n con la gobernadora de Manab\u00ed, a quien solicitaron que act\u00fae como puente de di\u00e1logo con el Ministerio del Interior y el Gobierno Central. Adem\u00e1s, pidieron al Ministerio de Finanzas y al Ministerio de Trabajo que investiguen si las transferencias de recursos hacia el municipio se est\u00e1n realizando oportunamente.<\/p>\n\n\n\n<p>\u201cSi es necesario movilizarnos a Quito, lo haremos. No solo es Manta, esta es la realidad de varios municipios de Manab\u00ed. Ya basta de atropellos\u201d, afirmaron.<\/p>\n\n\n\n<p>Hasta el cierre de esta nota, las autoridades municipales no han emitido una respuesta oficial sobre el reclamo de los obreros. Mientras tanto, los trabajadores anunciaron que mantendr\u00e1n la presi\u00f3n en las calles hasta que se cumpla con lo adeudado.<\/p>\n","protected":false},"excerpt":{"rendered":"<p>En los exteriores del Municipio de Manta, decenas de obreros municipales se concentraron esta ma\u00f1ana para exigir el pago completo de sus sueldos correspondientes a los meses de abril y mayo, que a\u00fan no han sido cancelados. Con pancartas en mano y consignas de protesta, los trabajadores expresaron su indignaci\u00f3n y advirtieron que la paciencia [&hellip;]<\/p>\n","protected":false},"author":14,"featured_media":0,"comment_status":"open","ping_status":"open","sticky":false,"template":"","format":"standard","meta":{"footnotes":""},"categories":[1],"tags":[],"class_list":["post-45683","post","type-post","status-publish","format-standard","hentry","category-uncategorized"],"_links":{"self":[{"href":"https:\/\/elmercuriomanta.ec\/index.php\/wp-json\/wp\/v2\/posts\/45683","targetHints":{"allow":["GET"]}}],"collection":[{"href":"https:\/\/elmercuriomanta.ec\/index.php\/wp-json\/wp\/v2\/posts"}],"about":[{"href":"https:\/\/elmercuriomanta.ec\/index.php\/wp-json\/wp\/v2\/types\/post"}],"author":[{"embeddable":true,"href":"https:\/\/elmercuriomanta.ec\/index.php\/wp-json\/wp\/v2\/users\/14"}],"replies":[{"embeddable":true,"href":"https:\/\/elmercuriomanta.ec\/index.php\/wp-json\/wp\/v2\/comments?post=45683"}],"version-history":[{"count":4,"href":"https:\/\/elmercuriomanta.ec\/index.php\/wp-json\/wp\/v2\/posts\/45683\/revisions"}],"predecessor-version":[{"id":45691,"href":"https:\/\/elmercuriomanta.ec\/index.php\/wp-json\/wp\/v2\/posts\/45683\/revisions\/45691"}],"wp:attachment":[{"href":"https:\/\/elmercuriomanta.ec\/index.php\/wp-json\/wp\/v2\/media?parent=45683"}],"wp:term":[{"taxonomy":"category","embeddable":true,"href":"https:\/\/elmercuriomanta.ec\/index.php\/wp-json\/wp\/v2\/categories?post=45683"},{"taxonomy":"post_tag","embeddable":true,"href":"https:\/\/elmercuriomanta.ec\/index.php\/wp-json\/wp\/v2\/tags?post=45683"}],"curies":[{"name":"wp","href":"https:\/\/api.w.org\/{rel}","templated":true}]}}