{"id":45605,"date":"2025-06-11T17:08:19","date_gmt":"2025-06-11T22:08:19","guid":{"rendered":"https:\/\/elmercuriomanta.ec\/?p=45605"},"modified":"2025-06-11T17:27:32","modified_gmt":"2025-06-11T22:27:32","slug":"cayeron-en-san-mateo-tres-presuntos-miembros-de-los-choneros-fueron-capturados-en-manta","status":"publish","type":"post","link":"https:\/\/elmercuriomanta.ec\/index.php\/2025\/06\/11\/cayeron-en-san-mateo-tres-presuntos-miembros-de-los-choneros-fueron-capturados-en-manta\/","title":{"rendered":"Cayeron en San Mateo: tres  presuntos miembros de los \u201cChoneros\u201d fueron capturados en Manta"},"content":{"rendered":"\n<figure class=\"wp-block-image aligncenter size-large is-resized\"><img fetchpriority=\"high\" decoding=\"async\" width=\"1024\" height=\"839\" src=\"https:\/\/elmercuriomanta.ec\/wp-content\/uploads\/2025\/06\/WhatsApp-Image-2025-06-11-at-17.20.11-1024x839.jpeg\" alt=\"\" class=\"wp-image-45613\" style=\"width:380px;height:auto\" srcset=\"https:\/\/elmercuriomanta.ec\/wp-content\/uploads\/2025\/06\/WhatsApp-Image-2025-06-11-at-17.20.11-1024x839.jpeg 1024w, https:\/\/elmercuriomanta.ec\/wp-content\/uploads\/2025\/06\/WhatsApp-Image-2025-06-11-at-17.20.11-300x246.jpeg 300w, https:\/\/elmercuriomanta.ec\/wp-content\/uploads\/2025\/06\/WhatsApp-Image-2025-06-11-at-17.20.11-768x629.jpeg 768w, https:\/\/elmercuriomanta.ec\/wp-content\/uploads\/2025\/06\/WhatsApp-Image-2025-06-11-at-17.20.11.jpeg 1170w\" sizes=\"(max-width: 1024px) 100vw, 1024px\" \/><\/figure>\n\n\n\n<p><br><br><br><\/p>\n\n\n\n<p>La Polic\u00eda Nacional del Ecuador, a trav\u00e9s de sus unidades acantonadas en Manta, ejecut\u00f3 este mi\u00e9rcoles un operativo en el sector de San Mateo, como parte de la Operaci\u00f3n Fuerza Anticriminal, orientada a contener y reducir los homicidios intencionales y delitos conexos como el tr\u00e1fico de armas y drogas.<\/p>\n\n\n\n<p>Durante la intervenci\u00f3n, se realizaron varios allanamientos que permitieron la aprehensi\u00f3n de tres presuntos integrantes del grupo delictivo organizado \u201cLos Choneros\u201d. Los ciudadanos detenidos no registran antecedentes penales.<\/p>\n\n\n\n<p><strong>Aprehendidos:<\/strong><\/p>\n\n\n\n<ul class=\"wp-block-list\">\n<li>Ayverson Alfredo B. D., de nacionalidad venezolana, 21 a\u00f1os.<\/li>\n\n\n\n<li>Stefany Nikole A. A., ecuatoriana, 34 a\u00f1os.<\/li>\n\n\n\n<li>Armando Joel L. A., ecuatoriano, 21 a\u00f1os.<\/li>\n<\/ul>\n\n\n\n<p><strong>Indicios encontrados:<\/strong><\/p>\n\n\n\n<ul class=\"wp-block-list\">\n<li>Tres armas de fuego tipo pistola calibre 9 mm (marcas: ISSX Austria, Made in Turkey, Ekol Firat Magnum).<\/li>\n\n\n\n<li>Quince cartuchos calibre 9 mm.<\/li>\n\n\n\n<li>Tres alimentadoras.<\/li>\n\n\n\n<li>Dos motocicletas (una de color rojo y otra negra).<\/li>\n\n\n\n<li>Tres terminales m\u00f3viles.<\/li>\n\n\n\n<li>Doce envolturas pl\u00e1sticas con sustancias sujetas a fiscalizaci\u00f3n.<\/li>\n<\/ul>\n\n\n\n<p>Este resultado operativo refuerza el compromiso de la Polic\u00eda Nacional con la seguridad ciudadana y el mantenimiento del orden p\u00fablico, devolviendo la tranquilidad a los habitantes del sector de San Mateo y sus alrededores.<\/p>\n\n\n\n<p>\u201cContinuaremos con estas acciones articuladas para combatir de forma frontal al crimen organizado en el pa\u00eds\u201d, expres\u00f3 una fuente policial al cierre del operativo.<\/p>\n","protected":false},"excerpt":{"rendered":"<p>La Polic\u00eda Nacional del Ecuador, a trav\u00e9s de sus unidades acantonadas en Manta, ejecut\u00f3 este mi\u00e9rcoles un operativo en el sector de San Mateo, como parte de la Operaci\u00f3n Fuerza Anticriminal, orientada a contener y reducir los homicidios intencionales y delitos conexos como el tr\u00e1fico de armas y drogas.<\/p>\n","protected":false},"author":14,"featured_media":45613,"comment_status":"open","ping_status":"open","sticky":false,"template":"","format":"standard","meta":{"footnotes":""},"categories":[16,1],"tags":[91],"class_list":["post-45605","post","type-post","status-publish","format-standard","has-post-thumbnail","hentry","category-cronica","category-uncategorized","tag-cronica"],"_links":{"self":[{"href":"https:\/\/elmercuriomanta.ec\/index.php\/wp-json\/wp\/v2\/posts\/45605","targetHints":{"allow":["GET"]}}],"collection":[{"href":"https:\/\/elmercuriomanta.ec\/index.php\/wp-json\/wp\/v2\/posts"}],"about":[{"href":"https:\/\/elmercuriomanta.ec\/index.php\/wp-json\/wp\/v2\/types\/post"}],"author":[{"embeddable":true,"href":"https:\/\/elmercuriomanta.ec\/index.php\/wp-json\/wp\/v2\/users\/14"}],"replies":[{"embeddable":true,"href":"https:\/\/elmercuriomanta.ec\/index.php\/wp-json\/wp\/v2\/comments?post=45605"}],"version-history":[{"count":3,"href":"https:\/\/elmercuriomanta.ec\/index.php\/wp-json\/wp\/v2\/posts\/45605\/revisions"}],"predecessor-version":[{"id":45614,"href":"https:\/\/elmercuriomanta.ec\/index.php\/wp-json\/wp\/v2\/posts\/45605\/revisions\/45614"}],"wp:featuredmedia":[{"embeddable":true,"href":"https:\/\/elmercuriomanta.ec\/index.php\/wp-json\/wp\/v2\/media\/45613"}],"wp:attachment":[{"href":"https:\/\/elmercuriomanta.ec\/index.php\/wp-json\/wp\/v2\/media?parent=45605"}],"wp:term":[{"taxonomy":"category","embeddable":true,"href":"https:\/\/elmercuriomanta.ec\/index.php\/wp-json\/wp\/v2\/categories?post=45605"},{"taxonomy":"post_tag","embeddable":true,"href":"https:\/\/elmercuriomanta.ec\/index.php\/wp-json\/wp\/v2\/tags?post=45605"}],"curies":[{"name":"wp","href":"https:\/\/api.w.org\/{rel}","templated":true}]}}