{"id":45572,"date":"2025-06-11T12:23:35","date_gmt":"2025-06-11T17:23:35","guid":{"rendered":"https:\/\/elmercuriomanta.ec\/?p=45572"},"modified":"2025-06-11T12:28:16","modified_gmt":"2025-06-11T17:28:16","slug":"que-hay-detras-del-atentado-contra-miguel-uribe-en-colombia","status":"publish","type":"post","link":"https:\/\/elmercuriomanta.ec\/index.php\/2025\/06\/11\/que-hay-detras-del-atentado-contra-miguel-uribe-en-colombia\/","title":{"rendered":"\u00bfQu\u00e9 hay detr\u00e1s del atentado contra Miguel Uribe en Colombia?"},"content":{"rendered":"\n<figure class=\"wp-block-image aligncenter size-full is-resized\"><img fetchpriority=\"high\" decoding=\"async\" width=\"1024\" height=\"683\" src=\"https:\/\/elmercuriomanta.ec\/wp-content\/uploads\/2025\/06\/image-156.png\" alt=\"\" class=\"wp-image-45575\" style=\"width:425px;height:auto\" srcset=\"https:\/\/elmercuriomanta.ec\/wp-content\/uploads\/2025\/06\/image-156.png 1024w, https:\/\/elmercuriomanta.ec\/wp-content\/uploads\/2025\/06\/image-156-300x200.png 300w, https:\/\/elmercuriomanta.ec\/wp-content\/uploads\/2025\/06\/image-156-768x512.png 768w\" sizes=\"(max-width: 1024px) 100vw, 1024px\" \/><\/figure>\n\n\n\n<p>Colombia vivi\u00f3 una nueva jornada de conmoci\u00f3n nacional tras el atentado que dej\u00f3 gravemente herido al senador y precandidato presidencial Miguel Uribe Turbay, en un acto pol\u00edtico en el occidente de Bogot\u00e1. Detr\u00e1s del ataque, perpetrado por un menor de edad, se teje una red de interrogantes que pone en jaque la seguridad electoral, la penetraci\u00f3n del crimen organizado y la manipulaci\u00f3n de menores por estructuras violentas.<\/p>\n\n\n\n<p>El hecho ocurri\u00f3 el pasado 7 de junio, cerca de las 5\u202fp.\u202fm., en el parque El Golfito, en el barrio Modelia, donde Uribe se dirig\u00eda a simpatizantes como parte de su precampa\u00f1a presidencial. En medio de la multitud, un joven de aproximadamente 15 a\u00f1os se acerc\u00f3 al escenario y le dispar\u00f3 en repetidas ocasiones, impact\u00e1ndolo en la cabeza, el cuello y la pierna. El atacante fue reducido por personal de seguridad y capturado en el lugar, herido en el pie por un posible forcejeo o fuego cruzado.<\/p>\n\n\n\n<p>La Fiscal\u00eda General de la Naci\u00f3n inform\u00f3 que el arma utilizada, una pistola Glock 9 mm, habr\u00eda sido ingresada desde Estados Unidos, encendiendo alarmas sobre el tr\u00e1fico de armas y la porosidad en los controles fronterizos. El presidente Gustavo Petro exigi\u00f3 colaboraci\u00f3n internacional para investigar c\u00f3mo el menor accedi\u00f3 al arma y qui\u00e9nes estar\u00edan detr\u00e1s de su radicalizaci\u00f3n y entrenamiento.<\/p>\n\n\n\n<p>El estado de salud de Miguel Uribe es cr\u00edtico pero estable, seg\u00fan los \u00faltimos reportes m\u00e9dicos. El equipo m\u00e9dico confirm\u00f3 que el senador fue sometido a una cirug\u00eda de alta complejidad, y aunque contin\u00faa bajo pron\u00f3stico reservado, muestra respuestas neurol\u00f3gicas positivas.<\/p>\n\n\n\n<p>Este atentado no solo ha impactado al espectro pol\u00edtico colombiano, sino que ha generado una ola de desinformaci\u00f3n en redes sociales. <\/p>\n\n\n\n<p>El atentado contra Uribe se da en un momento de alta polarizaci\u00f3n pol\u00edtica en Colombia, donde se vive una reconfiguraci\u00f3n del poder de cara a las elecciones presidenciales de 2026. La oposici\u00f3n, encabezada por figuras del Centro Democr\u00e1tico, convoc\u00f3 a una \u201cmarcha del silencio\u201d en todo el pa\u00eds, clamando por garant\u00edas democr\u00e1ticas y el fin de la violencia como instrumento de intimidaci\u00f3n pol\u00edtica.<\/p>\n\n\n\n<p>La Fiscal\u00eda avanza en la identificaci\u00f3n de los autores intelectuales y no se descarta que detr\u00e1s del atentado existan intereses pol\u00edticos, econ\u00f3micos o incluso venganzas personales. Mientras tanto, la sociedad civil exige respuestas claras, justicia y garant\u00edas para que ning\u00fan candidato vuelva a ser v\u00edctima del miedo.<\/p>\n\n\n\n<p><\/p>\n","protected":false},"excerpt":{"rendered":"<p>Colombia vivi\u00f3 una nueva jornada de conmoci\u00f3n nacional tras el atentado que dej\u00f3 gravemente herido al senador y precandidato presidencial Miguel Uribe Turbay, en un acto pol\u00edtico en el occidente de Bogot\u00e1. Detr\u00e1s del ataque, perpetrado por un menor de edad, se teje una red de interrogantes que pone en jaque la seguridad electoral, la penetraci\u00f3n del crimen organizado y la manipulaci\u00f3n de menores por estructuras violentas.<\/p>\n","protected":false},"author":14,"featured_media":45575,"comment_status":"open","ping_status":"open","sticky":false,"template":"","format":"standard","meta":{"footnotes":""},"categories":[8,1],"tags":[42],"class_list":["post-45572","post","type-post","status-publish","format-standard","has-post-thumbnail","hentry","category-internacional","category-uncategorized","tag-internacional"],"_links":{"self":[{"href":"https:\/\/elmercuriomanta.ec\/index.php\/wp-json\/wp\/v2\/posts\/45572","targetHints":{"allow":["GET"]}}],"collection":[{"href":"https:\/\/elmercuriomanta.ec\/index.php\/wp-json\/wp\/v2\/posts"}],"about":[{"href":"https:\/\/elmercuriomanta.ec\/index.php\/wp-json\/wp\/v2\/types\/post"}],"author":[{"embeddable":true,"href":"https:\/\/elmercuriomanta.ec\/index.php\/wp-json\/wp\/v2\/users\/14"}],"replies":[{"embeddable":true,"href":"https:\/\/elmercuriomanta.ec\/index.php\/wp-json\/wp\/v2\/comments?post=45572"}],"version-history":[{"count":2,"href":"https:\/\/elmercuriomanta.ec\/index.php\/wp-json\/wp\/v2\/posts\/45572\/revisions"}],"predecessor-version":[{"id":45576,"href":"https:\/\/elmercuriomanta.ec\/index.php\/wp-json\/wp\/v2\/posts\/45572\/revisions\/45576"}],"wp:featuredmedia":[{"embeddable":true,"href":"https:\/\/elmercuriomanta.ec\/index.php\/wp-json\/wp\/v2\/media\/45575"}],"wp:attachment":[{"href":"https:\/\/elmercuriomanta.ec\/index.php\/wp-json\/wp\/v2\/media?parent=45572"}],"wp:term":[{"taxonomy":"category","embeddable":true,"href":"https:\/\/elmercuriomanta.ec\/index.php\/wp-json\/wp\/v2\/categories?post=45572"},{"taxonomy":"post_tag","embeddable":true,"href":"https:\/\/elmercuriomanta.ec\/index.php\/wp-json\/wp\/v2\/tags?post=45572"}],"curies":[{"name":"wp","href":"https:\/\/api.w.org\/{rel}","templated":true}]}}