{"id":45477,"date":"2025-06-10T17:00:02","date_gmt":"2025-06-10T22:00:02","guid":{"rendered":"https:\/\/elmercuriomanta.ec\/?p=45477"},"modified":"2025-06-10T17:00:02","modified_gmt":"2025-06-10T22:00:02","slug":"sopechoso-contra-atentado-miguel-uribe-se-declara-inocente","status":"publish","type":"post","link":"https:\/\/elmercuriomanta.ec\/index.php\/2025\/06\/10\/sopechoso-contra-atentado-miguel-uribe-se-declara-inocente\/","title":{"rendered":"Sopechoso contra atentado Miguel Uribe\u00a0se declara inocente"},"content":{"rendered":"\n<figure class=\"wp-block-image aligncenter size-large is-resized\"><img fetchpriority=\"high\" decoding=\"async\" width=\"1024\" height=\"623\" src=\"https:\/\/elmercuriomanta.ec\/wp-content\/uploads\/2025\/06\/image-146-1024x623.png\" alt=\"\" class=\"wp-image-45480\" style=\"width:305px;height:auto\" srcset=\"https:\/\/elmercuriomanta.ec\/wp-content\/uploads\/2025\/06\/image-146-1024x623.png 1024w, https:\/\/elmercuriomanta.ec\/wp-content\/uploads\/2025\/06\/image-146-300x183.png 300w, https:\/\/elmercuriomanta.ec\/wp-content\/uploads\/2025\/06\/image-146-768x468.png 768w, https:\/\/elmercuriomanta.ec\/wp-content\/uploads\/2025\/06\/image-146.png 1140w\" sizes=\"(max-width: 1024px) 100vw, 1024px\" \/><\/figure>\n\n\n\n<p><strong>&nbsp;La Fiscal\u00eda inform\u00f3 este martes El adolescente de 15 a\u00f1os acusado de disparar contra el senador y aspirante presidencial colombiano Miguel Uribe se declar\u00f3 inocente del delito de homicidio en grado de tentativa.&nbsp;<\/strong><\/p>\n\n\n\n<p><strong>El menor contin\u00faa hospitalizado bajo estricta custodia.&nbsp;<\/strong><\/p>\n\n\n\n<p>Tambi\u00e9n imputado por\u00a0<strong>porte y fabricaci\u00f3n ilegal de armas<\/strong>, fue capturado el s\u00e1bado luego de presuntamente herir con tres disparos al dirigente del partido\u00a0<strong>Centro Democr\u00e1tico<\/strong>\u00a0durante una reuni\u00f3n p\u00fablica en un parque de Bogot\u00e1. En el momento del ataque, Uribe se encontraba rodeado de decenas de personas. Actualmente permanece en\u00a0<strong>cuidados intensivos<\/strong>\u00a0y su estado es\u00a0<strong>estable pero cr\u00edtico<\/strong>, seg\u00fan el m\u00e1s reciente parte m\u00e9dico.<\/p>\n\n\n\n<h3 class=\"wp-block-heading\" id=\"h-sospechas-de-autoria-intelectual-y-vinculo-con-mafias\">Sospechas de autor\u00eda intelectual y v\u00ednculo con mafias<\/h3>\n\n\n\n<p>El presidente&nbsp;<strong>Gustavo Petro<\/strong>&nbsp;sugiri\u00f3 que detr\u00e1s del atentado podr\u00eda estar una \u201c<strong>mafia con asiento internacional<\/strong>\u201d, que busca desestabilizar al pa\u00eds. Afirm\u00f3 que existen \u201c<strong>indicios muy fuertes<\/strong>&nbsp;que apuntan a dirigentes de alto nivel tanto de la oposici\u00f3n como del oficialismo\u201d.<\/p>\n\n\n\n<p>Petro tambi\u00e9n denunci\u00f3 que, el d\u00eda del ataque, la&nbsp;<strong>custodia del senador fue reducida \u201cextra\u00f1amente\u201d de siete a tres escoltas<\/strong>, lo que genera nuevas dudas sobre una posible vulneraci\u00f3n deliberada de su seguridad.<\/p>\n\n\n\n<p>El ministro de Defensa,&nbsp;<strong>Pedro S\u00e1nchez<\/strong>, revel\u00f3 que el adolescente habr\u00eda recibido dinero a cambio de disparar contra Uribe, aunque no se especific\u00f3 el monto. Seg\u00fan testigos, el menor intent\u00f3 huir tras cometer el ataque, pero fue herido en una pierna por los escoltas del senador y posteriormente detenido. En un video captado tras su aprehensi\u00f3n, el joven manifest\u00f3 su disposici\u00f3n para colaborar con las autoridades.<\/p>\n\n\n\n<p>De acuerdo con la&nbsp;<strong>Fiscal\u00eda General<\/strong>, el adolescente sigue hospitalizado bajo estricta custodia y, si es hallado culpable, enfrentar\u00eda una pena de hasta&nbsp;<strong>ocho a\u00f1os de privaci\u00f3n de libertad<\/strong>&nbsp;en un centro para menores, debido a su edad.<\/p>\n\n\n\n<p>La directora del Instituto Colombiano de Bienestar Familiar (ICBF),&nbsp;<strong>Astrid C\u00e1ceres<\/strong>, indic\u00f3 que el menor vive con una t\u00eda, ya que su padre est\u00e1 fuera del pa\u00eds y su madre ha fallecido. Adem\u00e1s, el presidente Petro revel\u00f3 que el adolescente particip\u00f3 en un programa social dirigido a j\u00f3venes vulnerables, donde present\u00f3 una \u201c<strong>personalidad completamente conflictiva<\/strong>\u201d y dificultades para integrarse socialmente.<\/p>\n\n\n\n<p>Durante su captura, el joven gritaba que recib\u00eda \u00f3rdenes de alguien de una \u201c<strong>olla<\/strong>\u201d, t\u00e9rmino usado en Colombia para referirse a zonas dominadas por el microtr\u00e1fico de drogas.<\/p>\n\n\n\n<p>El expresidente&nbsp;<strong>\u00c1lvaro Uribe<\/strong>, l\u00edder del partido Centro Democr\u00e1tico, denunci\u00f3 que servicios de inteligencia internacional le alertaron sobre un presunto plan para atentar contra su vida. Por su parte, el partido pol\u00edtico asegur\u00f3 que existen supuestas ofertas de hasta&nbsp;<strong>ocho millones de d\u00f3lares<\/strong>&nbsp;por asesinar a sus dirigentes.<\/p>\n\n\n\n<p>Ante esta situaci\u00f3n, el presidente Petro solicit\u00f3&nbsp;<strong>reforzar la seguridad de los l\u00edderes de la oposici\u00f3n<\/strong>, incluyendo al expresidente Uribe.<\/p>\n","protected":false},"excerpt":{"rendered":"<p> La Fiscal\u00eda inform\u00f3 este martes El adolescente de 15 a\u00f1os acusado de disparar contra el senador y aspirante presidencial colombiano Miguel Uribe se declar\u00f3 inocente del delito de homicidio en grado de tentativa. <\/p>\n<p>El menor contin\u00faa hospitalizado bajo estricta custodia. <\/p>\n","protected":false},"author":14,"featured_media":45480,"comment_status":"open","ping_status":"open","sticky":false,"template":"","format":"standard","meta":{"footnotes":""},"categories":[8,1],"tags":[42],"class_list":["post-45477","post","type-post","status-publish","format-standard","has-post-thumbnail","hentry","category-internacional","category-uncategorized","tag-internacional"],"_links":{"self":[{"href":"https:\/\/elmercuriomanta.ec\/index.php\/wp-json\/wp\/v2\/posts\/45477","targetHints":{"allow":["GET"]}}],"collection":[{"href":"https:\/\/elmercuriomanta.ec\/index.php\/wp-json\/wp\/v2\/posts"}],"about":[{"href":"https:\/\/elmercuriomanta.ec\/index.php\/wp-json\/wp\/v2\/types\/post"}],"author":[{"embeddable":true,"href":"https:\/\/elmercuriomanta.ec\/index.php\/wp-json\/wp\/v2\/users\/14"}],"replies":[{"embeddable":true,"href":"https:\/\/elmercuriomanta.ec\/index.php\/wp-json\/wp\/v2\/comments?post=45477"}],"version-history":[{"count":1,"href":"https:\/\/elmercuriomanta.ec\/index.php\/wp-json\/wp\/v2\/posts\/45477\/revisions"}],"predecessor-version":[{"id":45492,"href":"https:\/\/elmercuriomanta.ec\/index.php\/wp-json\/wp\/v2\/posts\/45477\/revisions\/45492"}],"wp:featuredmedia":[{"embeddable":true,"href":"https:\/\/elmercuriomanta.ec\/index.php\/wp-json\/wp\/v2\/media\/45480"}],"wp:attachment":[{"href":"https:\/\/elmercuriomanta.ec\/index.php\/wp-json\/wp\/v2\/media?parent=45477"}],"wp:term":[{"taxonomy":"category","embeddable":true,"href":"https:\/\/elmercuriomanta.ec\/index.php\/wp-json\/wp\/v2\/categories?post=45477"},{"taxonomy":"post_tag","embeddable":true,"href":"https:\/\/elmercuriomanta.ec\/index.php\/wp-json\/wp\/v2\/tags?post=45477"}],"curies":[{"name":"wp","href":"https:\/\/api.w.org\/{rel}","templated":true}]}}