{"id":45413,"date":"2025-06-10T10:36:02","date_gmt":"2025-06-10T15:36:02","guid":{"rendered":"https:\/\/elmercuriomanta.ec\/?p=45413"},"modified":"2025-06-10T10:36:02","modified_gmt":"2025-06-10T15:36:02","slug":"defensa-de-jorge-glas-busca-cambiar-el-juego-pide-separar-dos-jueces-clave-del-caso-reconstruccion-de-manabi","status":"publish","type":"post","link":"https:\/\/elmercuriomanta.ec\/index.php\/2025\/06\/10\/defensa-de-jorge-glas-busca-cambiar-el-juego-pide-separar-dos-jueces-clave-del-caso-reconstruccion-de-manabi\/","title":{"rendered":"Defensa de Jorge Glas busca cambiar el juego : pide separar dos jueces clave del Caso Reconstrucci\u00f3n de Manab\u00ed"},"content":{"rendered":"\n<figure class=\"wp-block-image aligncenter size-large is-resized\"><img fetchpriority=\"high\" decoding=\"async\" width=\"1024\" height=\"572\" src=\"https:\/\/elmercuriomanta.ec\/wp-content\/uploads\/2025\/06\/image-138-1024x572.png\" alt=\"\" class=\"wp-image-45415\" style=\"width:444px;height:auto\" srcset=\"https:\/\/elmercuriomanta.ec\/wp-content\/uploads\/2025\/06\/image-138-1024x572.png 1024w, https:\/\/elmercuriomanta.ec\/wp-content\/uploads\/2025\/06\/image-138-300x168.png 300w, https:\/\/elmercuriomanta.ec\/wp-content\/uploads\/2025\/06\/image-138-768x429.png 768w, https:\/\/elmercuriomanta.ec\/wp-content\/uploads\/2025\/06\/image-138.png 1200w\" sizes=\"(max-width: 1024px) 100vw, 1024px\" \/><\/figure>\n\n\n\n<p>V\u00eda recusaci\u00f3n la defensa del exvicepresidente Jorge Glas busca separar de la fase de juzgamiento del caso Reconstrucci\u00f3n de Manab\u00ed a los jueces de la Corte Nacional de Justicia (CNJ) Marco Rodr\u00edguez y Javier de la Cadena, quienes integran el Tribunal de Juicio. El recurso fue admitido a tr\u00e1mite y este martes,10 de junio, desde las 11:30 la jueza Mercedes Caicedo, ponente de la Sala de Juicio del caso Reconstrucci\u00f3n de Manab\u00ed, tendr\u00e1 en sus manos la resoluci\u00f3n de la causa.<\/p>\n\n\n\n<p>Luego del diferimiento de la diligencia de juzgamiento el 6 junio pasado, los llamados a juicio por el delito de peculado: Jorge Glas, como expresidente del Comit\u00e9 para la Reconstrucci\u00f3n y Reactivaci\u00f3n Productiva y del Empleo; y Carlos Bernal, exsecretario del Comit\u00e9 para la Reconstrucci\u00f3n de Manab\u00ed, fueron convocados por Caicedo, Rodr\u00edguez y De la Cadena para el 17 de junio pr\u00f3ximo para instalar la audiencia en la que se analizar\u00e1 si existen o no las pruebas para declarar culpables a los dos exfuncionarios p\u00fablicos.<\/p>\n\n\n\n<p><\/p>\n","protected":false},"excerpt":{"rendered":"<p>Este martes, un recurso que  busca separar de la fase de juzgamiento del caso Reconstrucci\u00f3n de Manab\u00ed a los jueces de la Corte Nacional de Justicia (CNJ) Marco Rodr\u00edguez y Javier de la Cadena, quienes integran el Tribunal de Juicio, fue admitido a tr\u00e1mite.  Esta acci\u00f3n la interpuso la defensa de Jorge Glas.<\/p>\n","protected":false},"author":14,"featured_media":45415,"comment_status":"open","ping_status":"open","sticky":false,"template":"","format":"standard","meta":{"footnotes":""},"categories":[1],"tags":[22],"class_list":["post-45413","post","type-post","status-publish","format-standard","has-post-thumbnail","hentry","category-uncategorized","tag-politica"],"_links":{"self":[{"href":"https:\/\/elmercuriomanta.ec\/index.php\/wp-json\/wp\/v2\/posts\/45413","targetHints":{"allow":["GET"]}}],"collection":[{"href":"https:\/\/elmercuriomanta.ec\/index.php\/wp-json\/wp\/v2\/posts"}],"about":[{"href":"https:\/\/elmercuriomanta.ec\/index.php\/wp-json\/wp\/v2\/types\/post"}],"author":[{"embeddable":true,"href":"https:\/\/elmercuriomanta.ec\/index.php\/wp-json\/wp\/v2\/users\/14"}],"replies":[{"embeddable":true,"href":"https:\/\/elmercuriomanta.ec\/index.php\/wp-json\/wp\/v2\/comments?post=45413"}],"version-history":[{"count":1,"href":"https:\/\/elmercuriomanta.ec\/index.php\/wp-json\/wp\/v2\/posts\/45413\/revisions"}],"predecessor-version":[{"id":45416,"href":"https:\/\/elmercuriomanta.ec\/index.php\/wp-json\/wp\/v2\/posts\/45413\/revisions\/45416"}],"wp:featuredmedia":[{"embeddable":true,"href":"https:\/\/elmercuriomanta.ec\/index.php\/wp-json\/wp\/v2\/media\/45415"}],"wp:attachment":[{"href":"https:\/\/elmercuriomanta.ec\/index.php\/wp-json\/wp\/v2\/media?parent=45413"}],"wp:term":[{"taxonomy":"category","embeddable":true,"href":"https:\/\/elmercuriomanta.ec\/index.php\/wp-json\/wp\/v2\/categories?post=45413"},{"taxonomy":"post_tag","embeddable":true,"href":"https:\/\/elmercuriomanta.ec\/index.php\/wp-json\/wp\/v2\/tags?post=45413"}],"curies":[{"name":"wp","href":"https:\/\/api.w.org\/{rel}","templated":true}]}}