{"id":45402,"date":"2025-06-10T10:02:49","date_gmt":"2025-06-10T15:02:49","guid":{"rendered":"https:\/\/elmercuriomanta.ec\/?p=45402"},"modified":"2025-06-10T10:05:33","modified_gmt":"2025-06-10T15:05:33","slug":"la-seguridad-sigue-en-crisis-cuales-son-las-provincias-donde-regira-la-renovacion-del-estado-de-excepcion","status":"publish","type":"post","link":"https:\/\/elmercuriomanta.ec\/index.php\/2025\/06\/10\/la-seguridad-sigue-en-crisis-cuales-son-las-provincias-donde-regira-la-renovacion-del-estado-de-excepcion\/","title":{"rendered":"\u00a1La seguridad sigue en crisis! : Gobierno extiende\u00a0 la declaratoria de estado de excepci\u00f3n como medida para garantizar el orden p\u00fablico"},"content":{"rendered":"\n<figure class=\"wp-block-image aligncenter size-full is-resized\"><img fetchpriority=\"high\" decoding=\"async\" width=\"832\" height=\"468\" src=\"https:\/\/elmercuriomanta.ec\/wp-content\/uploads\/2025\/06\/image-137.png\" alt=\"\" class=\"wp-image-45403\" style=\"width:326px;height:auto\" srcset=\"https:\/\/elmercuriomanta.ec\/wp-content\/uploads\/2025\/06\/image-137.png 832w, https:\/\/elmercuriomanta.ec\/wp-content\/uploads\/2025\/06\/image-137-300x169.png 300w, https:\/\/elmercuriomanta.ec\/wp-content\/uploads\/2025\/06\/image-137-768x432.png 768w\" sizes=\"(max-width: 832px) 100vw, 832px\" \/><\/figure>\n\n\n\n<p>Mediante el Decreto Ejecutivo 23, el presidente Daniel Noboa&nbsp; renov\u00f3 por 30 d\u00edas la declaratoria de estado de excepci\u00f3n, por grave conmoci\u00f3n interna, en Quito y siete provincias de Ecuador, \u00abpor grave conmoci\u00f3n interna\u00bb este martes.<\/p>\n\n\n\n<p>Las provincias son : Guayas, Los R\u00edos, Manab\u00ed, Orellana, Santa Elena, El Oro y Sucumb\u00edos. Tiene como objetivo garantizar el orden p\u00fablico, la paz social y la convivencia pac\u00edfica de los ciudadanos<\/p>\n\n\n\n<p>Para ello, el mandatario invoca un informe reservado del Centro de Inteligencia Estrat\u00e9gica (CIES) y&nbsp; tambi\u00e9n de las Fuerzas Armadas, que \u00abjustifica la necesidad de las medidas extraordinarias de suspensi\u00f3n de&nbsp;los derechos de inviolabilidad de domicilio y correspondencia, para evitar el aumento de nuevos delitos\u00bb.<\/p>\n\n\n\n<figure class=\"wp-block-gallery has-nested-images columns-default is-cropped wp-block-gallery-1 is-layout-flex wp-block-gallery-is-layout-flex\">\n<figure class=\"wp-block-image size-large\"><img decoding=\"async\" width=\"735\" height=\"1024\" data-id=\"45408\" src=\"https:\/\/elmercuriomanta.ec\/wp-content\/uploads\/2025\/06\/GtFg7OXW0AAvcpk-735x1024.jpg\" alt=\"\" class=\"wp-image-45408\" srcset=\"https:\/\/elmercuriomanta.ec\/wp-content\/uploads\/2025\/06\/GtFg7OXW0AAvcpk-735x1024.jpg 735w, https:\/\/elmercuriomanta.ec\/wp-content\/uploads\/2025\/06\/GtFg7OXW0AAvcpk-215x300.jpg 215w, https:\/\/elmercuriomanta.ec\/wp-content\/uploads\/2025\/06\/GtFg7OXW0AAvcpk-768x1070.jpg 768w, https:\/\/elmercuriomanta.ec\/wp-content\/uploads\/2025\/06\/GtFg7OXW0AAvcpk.jpg 991w\" sizes=\"(max-width: 735px) 100vw, 735px\" \/><\/figure>\n\n\n\n<figure class=\"wp-block-image size-large\"><img decoding=\"async\" width=\"717\" height=\"1024\" data-id=\"45407\" src=\"https:\/\/elmercuriomanta.ec\/wp-content\/uploads\/2025\/06\/GtFg7OWXIAAVF5f-717x1024.jpg\" alt=\"\" class=\"wp-image-45407\" srcset=\"https:\/\/elmercuriomanta.ec\/wp-content\/uploads\/2025\/06\/GtFg7OWXIAAVF5f-717x1024.jpg 717w, https:\/\/elmercuriomanta.ec\/wp-content\/uploads\/2025\/06\/GtFg7OWXIAAVF5f-210x300.jpg 210w, https:\/\/elmercuriomanta.ec\/wp-content\/uploads\/2025\/06\/GtFg7OWXIAAVF5f-768x1097.jpg 768w, https:\/\/elmercuriomanta.ec\/wp-content\/uploads\/2025\/06\/GtFg7OWXIAAVF5f.jpg 977w\" sizes=\"(max-width: 717px) 100vw, 717px\" \/><\/figure>\n\n\n\n<figure class=\"wp-block-image size-large\"><img loading=\"lazy\" decoding=\"async\" width=\"722\" height=\"1024\" data-id=\"45409\" src=\"https:\/\/elmercuriomanta.ec\/wp-content\/uploads\/2025\/06\/GtAD2NgXsAEs-9H-1-722x1024.jpg\" alt=\"\" class=\"wp-image-45409\" srcset=\"https:\/\/elmercuriomanta.ec\/wp-content\/uploads\/2025\/06\/GtAD2NgXsAEs-9H-1-722x1024.jpg 722w, https:\/\/elmercuriomanta.ec\/wp-content\/uploads\/2025\/06\/GtAD2NgXsAEs-9H-1-212x300.jpg 212w, https:\/\/elmercuriomanta.ec\/wp-content\/uploads\/2025\/06\/GtAD2NgXsAEs-9H-1-768x1089.jpg 768w, https:\/\/elmercuriomanta.ec\/wp-content\/uploads\/2025\/06\/GtAD2NgXsAEs-9H-1.jpg 989w\" sizes=\"(max-width: 722px) 100vw, 722px\" \/><\/figure>\n<\/figure>\n\n\n\n<p><br>\u00abLa criminalidad organizada, ha sido combatida adecuadamente (\u2026), no obstante, los niveles de intensidad de violencia y los \u00edndices de criminalidad que perturban el orden p\u00fablico siguen estando en niveles que requieren de medidas extraordinarias del Estado\u00bb:<\/p>\n\n\n\n<p>El nuevo Decreto alude, igualmente, al informe de la Polic\u00eda Nacional, que \u00abdetalla los atentados y ataques con artefactos explosivos perpetrados desde 1 de mayo al 3 de junio de&nbsp;2025, por cada provincia y cant\u00f3n, que refleja mayor concentraci\u00f3n de estos hechos\u00bb.<\/p>\n\n\n\n<p>Aquello \u00abdenota que a pesar de que el Gobierno ha recurrido a medidas extraordinarias para combatir la violencia, se&nbsp;evidencia la continuidad en la intensidad del accionar de los grupos criminales que causan zozobra en la poblaci\u00f3n\u00bb.<\/p>\n\n\n\n<p><\/p>\n","protected":false},"excerpt":{"rendered":"<p>Mediante el Decreto Ejecutivo 23, el presidente Daniel Noboa  renov\u00f3 por 30 d\u00edas la declaratoria de estado de excepci\u00f3n, por grave conmoci\u00f3n interna, en Quito y siete provincias de Ecuador, \u00abpor grave conmoci\u00f3n interna\u00bb este martes.<\/p>\n","protected":false},"author":14,"featured_media":45403,"comment_status":"open","ping_status":"open","sticky":false,"template":"","format":"standard","meta":{"footnotes":""},"categories":[20,1],"tags":[23],"class_list":["post-45402","post","type-post","status-publish","format-standard","has-post-thumbnail","hentry","category-portada-2","category-uncategorized","tag-ecuador"],"_links":{"self":[{"href":"https:\/\/elmercuriomanta.ec\/index.php\/wp-json\/wp\/v2\/posts\/45402","targetHints":{"allow":["GET"]}}],"collection":[{"href":"https:\/\/elmercuriomanta.ec\/index.php\/wp-json\/wp\/v2\/posts"}],"about":[{"href":"https:\/\/elmercuriomanta.ec\/index.php\/wp-json\/wp\/v2\/types\/post"}],"author":[{"embeddable":true,"href":"https:\/\/elmercuriomanta.ec\/index.php\/wp-json\/wp\/v2\/users\/14"}],"replies":[{"embeddable":true,"href":"https:\/\/elmercuriomanta.ec\/index.php\/wp-json\/wp\/v2\/comments?post=45402"}],"version-history":[{"count":4,"href":"https:\/\/elmercuriomanta.ec\/index.php\/wp-json\/wp\/v2\/posts\/45402\/revisions"}],"predecessor-version":[{"id":45410,"href":"https:\/\/elmercuriomanta.ec\/index.php\/wp-json\/wp\/v2\/posts\/45402\/revisions\/45410"}],"wp:featuredmedia":[{"embeddable":true,"href":"https:\/\/elmercuriomanta.ec\/index.php\/wp-json\/wp\/v2\/media\/45403"}],"wp:attachment":[{"href":"https:\/\/elmercuriomanta.ec\/index.php\/wp-json\/wp\/v2\/media?parent=45402"}],"wp:term":[{"taxonomy":"category","embeddable":true,"href":"https:\/\/elmercuriomanta.ec\/index.php\/wp-json\/wp\/v2\/categories?post=45402"},{"taxonomy":"post_tag","embeddable":true,"href":"https:\/\/elmercuriomanta.ec\/index.php\/wp-json\/wp\/v2\/tags?post=45402"}],"curies":[{"name":"wp","href":"https:\/\/api.w.org\/{rel}","templated":true}]}}