{"id":4530,"date":"2023-08-24T09:47:29","date_gmt":"2023-08-24T14:47:29","guid":{"rendered":"https:\/\/elmercuriomanta.ec\/?p=4530"},"modified":"2023-08-24T09:47:29","modified_gmt":"2023-08-24T14:47:29","slug":"exconcejal-de-manta-renuncia-a-su-cargo","status":"publish","type":"post","link":"https:\/\/elmercuriomanta.ec\/index.php\/2023\/08\/24\/exconcejal-de-manta-renuncia-a-su-cargo\/","title":{"rendered":"Exconcejal de Manta renuncia a su cargo"},"content":{"rendered":"\n<figure class=\"wp-block-image aligncenter size-full is-resized\"><img fetchpriority=\"high\" decoding=\"async\" src=\"https:\/\/elmercuriomanta.ec\/wp-content\/uploads\/2023\/08\/image-180.png\" alt=\"\" class=\"wp-image-4531\" style=\"width:397px;height:529px\" width=\"397\" height=\"529\" srcset=\"https:\/\/elmercuriomanta.ec\/wp-content\/uploads\/2023\/08\/image-180.png 510w, https:\/\/elmercuriomanta.ec\/wp-content\/uploads\/2023\/08\/image-180-225x300.png 225w\" sizes=\"(max-width: 397px) 100vw, 397px\" \/><\/figure>\n\n\n\n<p>El exconcejal de Manta, Hern\u00e1n Salcedo, renunci\u00f3 al cargo de Gerente General de la Empresa P\u00fablica Municipal Movilidad de Manta, as\u00ed lo dio a conocer ayer a trav\u00e9s de sus redes sociales. <\/p>\n\n\n\n<p>En el texto, Salcedo escribi\u00f3 que \u00abHoy quedarse, no es una opci\u00f3n\u2026 no porque no podamos, todo lo contrario, me he preparado con formaci\u00f3n profesional y he sumado a\u00f1os de experiencia.<\/p>\n\n\n\n<p>Hern\u00e1n Salcedo fue concejal de Manta, en el primer periodo de mandato del exalcalde Agust\u00edn Intriago. El ser\u00eda una de las personas que deja su cargo, luego de que la nueva alcaldesa de Manta, Marciana Valdivieso, pidiera la disposici\u00f3n de cargos en la diferentes direcciones municipales.<\/p>\n\n\n\n<figure class=\"wp-block-embed is-type-rich is-provider-twitter wp-block-embed-twitter\"><div class=\"wp-block-embed__wrapper\">\n<blockquote class=\"twitter-tweet\" data-width=\"550\" data-dnt=\"true\"><p lang=\"es\" dir=\"ltr\">He tomado una decisi\u00f3n. Renunci\u00e9 a la gerencia general de Movilidad de Manta EP.<br><br>Con Agust\u00edn ten\u00edamos una proyecci\u00f3n para Manta en materia de tr\u00e1nsito, transporte terrestre y en la atenci\u00f3n de la seguridad vial como le corresponde a una ciudad como la nuestra, con prioridad. <a href=\"https:\/\/t.co\/IU3wTHgkOH\">pic.twitter.com\/IU3wTHgkOH<\/a><\/p>&mdash; Hern\u00e1n Salcedo Loor. (@her_salcedo) <a href=\"https:\/\/twitter.com\/her_salcedo\/status\/1694467212805874119?ref_src=twsrc%5Etfw\">August 23, 2023<\/a><\/blockquote><script async src=\"https:\/\/platform.twitter.com\/widgets.js\" charset=\"utf-8\"><\/script>\n<\/div><\/figure>\n\n\n\n<div class=\"wp-block-essential-blocks-social\"><div class=\"eb-parent-wrapper eb-parent-eb-social-links-7hi321z \"><div class=\"eb-social-links-7hi321z eb-social-links-wrapper\"><ul class=\"eb-socials\"><li><a class=\"facebook-f-original  \" href=\"\/\/www.facebook.com\/YoSoyElMercurio\/?locale=es_LA\" target=\"_blank\" rel=\"noopener\"><i class=\"hvr-icon eb-social-icon fab fa-facebook-f\"><\/i><\/a><\/li><li><a class=\"twitter-original  \" href=\"\/\/twitter.com\/elmercuriomanta\" target=\"_blank\" rel=\"noopener\"><i class=\"hvr-icon eb-social-icon fab fa-twitter\"><\/i><\/a><\/li><li><a class=\"instagram-original  \" href=\"\/\/www.instagram.com\/elmercuriomanta\/?hl=es\" target=\"_blank\" rel=\"noopener\"><i class=\"hvr-icon eb-social-icon fab fa-instagram\"><\/i><\/a><\/li><\/ul><\/div><\/div><\/div>\n","protected":false},"excerpt":{"rendered":"<p>El exconcejal de Manta, Hern\u00e1n Salcedo, renunci\u00f3 al cargo de Gerente General de la Empresa P\u00fablica Municipal Movilidad de Manta, as\u00ed lo dio a conocer ayer a trav\u00e9s de sus redes sociales.<br \/>\nEn el texto, Salcedo escribi\u00f3 que \u00abHoy quedarse, no es una opci\u00f3n\u2026 no porque no podamos, todo lo contrario, me he preparado con formaci\u00f3n profesional y he sumado a\u00f1os de experiencia.<\/p>\n","protected":false},"author":12,"featured_media":4531,"comment_status":"open","ping_status":"open","sticky":false,"template":"","format":"standard","meta":{"footnotes":""},"categories":[21],"tags":[],"class_list":["post-4530","post","type-post","status-publish","format-standard","has-post-thumbnail","hentry","category-noticia-del-dia"],"_links":{"self":[{"href":"https:\/\/elmercuriomanta.ec\/index.php\/wp-json\/wp\/v2\/posts\/4530","targetHints":{"allow":["GET"]}}],"collection":[{"href":"https:\/\/elmercuriomanta.ec\/index.php\/wp-json\/wp\/v2\/posts"}],"about":[{"href":"https:\/\/elmercuriomanta.ec\/index.php\/wp-json\/wp\/v2\/types\/post"}],"author":[{"embeddable":true,"href":"https:\/\/elmercuriomanta.ec\/index.php\/wp-json\/wp\/v2\/users\/12"}],"replies":[{"embeddable":true,"href":"https:\/\/elmercuriomanta.ec\/index.php\/wp-json\/wp\/v2\/comments?post=4530"}],"version-history":[{"count":1,"href":"https:\/\/elmercuriomanta.ec\/index.php\/wp-json\/wp\/v2\/posts\/4530\/revisions"}],"predecessor-version":[{"id":4532,"href":"https:\/\/elmercuriomanta.ec\/index.php\/wp-json\/wp\/v2\/posts\/4530\/revisions\/4532"}],"wp:featuredmedia":[{"embeddable":true,"href":"https:\/\/elmercuriomanta.ec\/index.php\/wp-json\/wp\/v2\/media\/4531"}],"wp:attachment":[{"href":"https:\/\/elmercuriomanta.ec\/index.php\/wp-json\/wp\/v2\/media?parent=4530"}],"wp:term":[{"taxonomy":"category","embeddable":true,"href":"https:\/\/elmercuriomanta.ec\/index.php\/wp-json\/wp\/v2\/categories?post=4530"},{"taxonomy":"post_tag","embeddable":true,"href":"https:\/\/elmercuriomanta.ec\/index.php\/wp-json\/wp\/v2\/tags?post=4530"}],"curies":[{"name":"wp","href":"https:\/\/api.w.org\/{rel}","templated":true}]}}