{"id":44947,"date":"2025-06-04T10:51:30","date_gmt":"2025-06-04T15:51:30","guid":{"rendered":"https:\/\/elmercuriomanta.ec\/?p=44947"},"modified":"2025-06-04T10:54:26","modified_gmt":"2025-06-04T15:54:26","slug":"operativo-en-el-carmen-desmantela-celula-de-los-choneros-droga-dinero-y-un-menor-entre-los-detenidos","status":"publish","type":"post","link":"https:\/\/elmercuriomanta.ec\/index.php\/2025\/06\/04\/operativo-en-el-carmen-desmantela-celula-de-los-choneros-droga-dinero-y-un-menor-entre-los-detenidos\/","title":{"rendered":"Operativo en El Carmen contra \u2018Los Choneros\u2019: droga, dinero y un menor entre los detenidos"},"content":{"rendered":"\n<figure class=\"wp-block-image aligncenter size-full is-resized\"><img fetchpriority=\"high\" decoding=\"async\" width=\"715\" height=\"285\" src=\"https:\/\/elmercuriomanta.ec\/wp-content\/uploads\/2025\/06\/image-58.png\" alt=\"\" class=\"wp-image-44951\" style=\"width:407px;height:auto\" srcset=\"https:\/\/elmercuriomanta.ec\/wp-content\/uploads\/2025\/06\/image-58.png 715w, https:\/\/elmercuriomanta.ec\/wp-content\/uploads\/2025\/06\/image-58-300x120.png 300w\" sizes=\"(max-width: 715px) 100vw, 715px\" \/><\/figure>\n\n\n\n<p>En un operativo ejecutado por unidades de la Polic\u00eda Nacional en el cant\u00f3n El Carmen, provincia de Manab\u00ed, fueron aprehendidos ocho presuntos integrantes del grupo armado organizado \u201cLos Choneros\u201d, entre ellos un menor de edad. Los sujetos estar\u00edan involucrados en actividades de tr\u00e1fico y expendio de droga en la zona.<\/p>\n\n\n\n<p>El operativo se realiz\u00f3 mediante el allanamiento a un inmueble donde, tras labores de inteligencia, se logr\u00f3 la captura del grupo y la incautaci\u00f3n de varios indicios vinculantes.<\/p>\n\n\n\n<figure class=\"wp-block-embed is-type-rich is-provider-twitter wp-block-embed-twitter\"><div class=\"wp-block-embed__wrapper\">\n<blockquote class=\"twitter-tweet\" data-width=\"550\" data-dnt=\"true\"><p lang=\"es\" dir=\"ltr\"><a href=\"https:\/\/twitter.com\/hashtag\/IMPORTANTE?src=hash&amp;ref_src=twsrc%5Etfw\">#IMPORTANTE<\/a> ||<br><br>APREHENDIMOS A 8 INTEGRANTES DEL GRUPO ARMADO ORGANIZADO &quot;LOS CHONEROS&quot;, POR TR\u00c1FICO DE DROGA <br><br>Tras allanamiento a un inmueble en El Carmen, <a href=\"https:\/\/twitter.com\/hashtag\/Manab%C3%AD?src=hash&amp;ref_src=twsrc%5Etfw\">#Manab\u00ed<\/a>, aprehendimos a ocho sujetos, entre ellos un adolescente, quienes pertenecer\u00edan al grupo armado organizado &quot;Los\u2026 <a href=\"https:\/\/t.co\/cDeWC11h4a\">pic.twitter.com\/cDeWC11h4a<\/a><\/p>&mdash; Polic\u00eda Ecuador (@PoliciaEcuador) <a href=\"https:\/\/twitter.com\/PoliciaEcuador\/status\/1930284549075816743?ref_src=twsrc%5Etfw\">June 4, 2025<\/a><\/blockquote><script async src=\"https:\/\/platform.twitter.com\/widgets.js\" charset=\"utf-8\"><\/script>\n<\/div><\/figure>\n\n\n\n<p><strong>Indicios encontrados:<\/strong><\/p>\n\n\n\n<ul class=\"wp-block-list\">\n<li>565 gramos de droga (sustancia sujeta a fiscalizaci\u00f3n)<\/li>\n\n\n\n<li>1 motocicleta<\/li>\n\n\n\n<li>660 d\u00f3lares en efectivo<\/li>\n\n\n\n<li>7 tel\u00e9fonos celulares<\/li>\n\n\n\n<li>3 balanzas digitales<\/li>\n\n\n\n<li>1 canguro con compartimientos<\/li>\n\n\n\n<li>1 chaleco bal\u00edstico<\/li>\n<\/ul>\n\n\n\n<p>El material fue ingresado como evidencia para las investigaciones correspondientes. Los aprehendidos fueron puestos a \u00f3rdenes de las autoridades competentes para su judicializaci\u00f3n.<\/p>\n\n\n\n<p>Este golpe al narcotr\u00e1fico representa un avance en la lucha contra el crimen organizado en Manab\u00ed, una provincia que ha sido escenario de disputas entre bandas por el control territorial del microtr\u00e1fico.<\/p>\n","protected":false},"excerpt":{"rendered":"<p>En un operativo ejecutado por unidades de la Polic\u00eda Nacional en el cant\u00f3n El Carmen, provincia de Manab\u00ed, fueron aprehendidos ocho presuntos integrantes del grupo armado organizado \u201cLos Choneros\u201d, entre ellos un menor de edad. Los sujetos estar\u00edan involucrados en actividades de tr\u00e1fico y expendio de droga en la zona.<\/p>\n","protected":false},"author":14,"featured_media":44951,"comment_status":"open","ping_status":"open","sticky":false,"template":"","format":"standard","meta":{"footnotes":""},"categories":[16,1],"tags":[91],"class_list":["post-44947","post","type-post","status-publish","format-standard","has-post-thumbnail","hentry","category-cronica","category-uncategorized","tag-cronica"],"_links":{"self":[{"href":"https:\/\/elmercuriomanta.ec\/index.php\/wp-json\/wp\/v2\/posts\/44947","targetHints":{"allow":["GET"]}}],"collection":[{"href":"https:\/\/elmercuriomanta.ec\/index.php\/wp-json\/wp\/v2\/posts"}],"about":[{"href":"https:\/\/elmercuriomanta.ec\/index.php\/wp-json\/wp\/v2\/types\/post"}],"author":[{"embeddable":true,"href":"https:\/\/elmercuriomanta.ec\/index.php\/wp-json\/wp\/v2\/users\/14"}],"replies":[{"embeddable":true,"href":"https:\/\/elmercuriomanta.ec\/index.php\/wp-json\/wp\/v2\/comments?post=44947"}],"version-history":[{"count":2,"href":"https:\/\/elmercuriomanta.ec\/index.php\/wp-json\/wp\/v2\/posts\/44947\/revisions"}],"predecessor-version":[{"id":44952,"href":"https:\/\/elmercuriomanta.ec\/index.php\/wp-json\/wp\/v2\/posts\/44947\/revisions\/44952"}],"wp:featuredmedia":[{"embeddable":true,"href":"https:\/\/elmercuriomanta.ec\/index.php\/wp-json\/wp\/v2\/media\/44951"}],"wp:attachment":[{"href":"https:\/\/elmercuriomanta.ec\/index.php\/wp-json\/wp\/v2\/media?parent=44947"}],"wp:term":[{"taxonomy":"category","embeddable":true,"href":"https:\/\/elmercuriomanta.ec\/index.php\/wp-json\/wp\/v2\/categories?post=44947"},{"taxonomy":"post_tag","embeddable":true,"href":"https:\/\/elmercuriomanta.ec\/index.php\/wp-json\/wp\/v2\/tags?post=44947"}],"curies":[{"name":"wp","href":"https:\/\/api.w.org\/{rel}","templated":true}]}}