{"id":44548,"date":"2025-05-30T09:50:48","date_gmt":"2025-05-30T14:50:48","guid":{"rendered":"https:\/\/elmercuriomanta.ec\/?p=44548"},"modified":"2025-05-30T09:52:40","modified_gmt":"2025-05-30T14:52:40","slug":"violencia-en-guayaquil-una-mujer-fue-asesinada-y-ocho-personas-quedaron-heridas-tras-balacera","status":"publish","type":"post","link":"https:\/\/elmercuriomanta.ec\/index.php\/2025\/05\/30\/violencia-en-guayaquil-una-mujer-fue-asesinada-y-ocho-personas-quedaron-heridas-tras-balacera\/","title":{"rendered":"Violencia en Guayaquil: Una mujer fue asesinada y ocho personas quedaron heridas tras balacera\u00a0"},"content":{"rendered":"\n<figure class=\"wp-block-image aligncenter size-large is-resized\"><img fetchpriority=\"high\" decoding=\"async\" width=\"1024\" height=\"512\" src=\"https:\/\/elmercuriomanta.ec\/wp-content\/uploads\/2025\/05\/image-453-1024x512.png\" alt=\"\" class=\"wp-image-44550\" style=\"width:379px;height:auto\" srcset=\"https:\/\/elmercuriomanta.ec\/wp-content\/uploads\/2025\/05\/image-453-1024x512.png 1024w, https:\/\/elmercuriomanta.ec\/wp-content\/uploads\/2025\/05\/image-453-300x150.png 300w, https:\/\/elmercuriomanta.ec\/wp-content\/uploads\/2025\/05\/image-453-768x384.png 768w, https:\/\/elmercuriomanta.ec\/wp-content\/uploads\/2025\/05\/image-453.png 1200w\" sizes=\"(max-width: 1024px) 100vw, 1024px\" \/><\/figure>\n\n\n\n<p><strong>Una mujer fue asesinada y otras ocho personas quedaron heridas\u00a0tras un ataque armado<\/strong>\u00a0en un Centro Nocturno, de Basti\u00f3n Popular, norte de Guayaquil.<\/p>\n\n\n\n<p><strong>La balacera se produjo casi a la medianoche de este viernes 30 de mayo<\/strong>, cuando lleg\u00f3 un veh\u00edculo de donde<strong>\u00a0se bajaron unos sujetos con unas armas de alto calibre y propinaron disparos dentro del centro nocturno<\/strong>.<\/p>\n\n\n\n<p>La mayor\u00eda de las v\u00edctimas son de nacionalidad venezolana. Las personas baleadas fueron llevadas a casas de salud y sus pron\u00f3sticos son reservados.<\/p>\n\n\n\n<p>Algunos casquillos quedaron incrustadas en las puertas enrollables del local.<\/p>\n\n\n\n<p>La discoteca se encuentra al frente del Parque California. Con este ataque armado, el distrito Pascuales ya acumula al menos 12 personas asesinadas en la \u00faltima semana. La zona registra m\u00e1s de 185 cr\u00edmenes en lo que va del 2025.<\/p>\n\n\n\n<p><\/p>\n","protected":false},"excerpt":{"rendered":"<p>Una mujer fue asesinada y otras ocho personas quedaron heridas\u00a0tras un ataque armado\u00a0en un Centro Nocturno, de Basti\u00f3n Popular, norte de Guayaquil.<\/p>\n","protected":false},"author":14,"featured_media":44550,"comment_status":"open","ping_status":"open","sticky":false,"template":"","format":"standard","meta":{"footnotes":""},"categories":[16,1],"tags":[91],"class_list":["post-44548","post","type-post","status-publish","format-standard","has-post-thumbnail","hentry","category-cronica","category-uncategorized","tag-cronica"],"_links":{"self":[{"href":"https:\/\/elmercuriomanta.ec\/index.php\/wp-json\/wp\/v2\/posts\/44548","targetHints":{"allow":["GET"]}}],"collection":[{"href":"https:\/\/elmercuriomanta.ec\/index.php\/wp-json\/wp\/v2\/posts"}],"about":[{"href":"https:\/\/elmercuriomanta.ec\/index.php\/wp-json\/wp\/v2\/types\/post"}],"author":[{"embeddable":true,"href":"https:\/\/elmercuriomanta.ec\/index.php\/wp-json\/wp\/v2\/users\/14"}],"replies":[{"embeddable":true,"href":"https:\/\/elmercuriomanta.ec\/index.php\/wp-json\/wp\/v2\/comments?post=44548"}],"version-history":[{"count":2,"href":"https:\/\/elmercuriomanta.ec\/index.php\/wp-json\/wp\/v2\/posts\/44548\/revisions"}],"predecessor-version":[{"id":44551,"href":"https:\/\/elmercuriomanta.ec\/index.php\/wp-json\/wp\/v2\/posts\/44548\/revisions\/44551"}],"wp:featuredmedia":[{"embeddable":true,"href":"https:\/\/elmercuriomanta.ec\/index.php\/wp-json\/wp\/v2\/media\/44550"}],"wp:attachment":[{"href":"https:\/\/elmercuriomanta.ec\/index.php\/wp-json\/wp\/v2\/media?parent=44548"}],"wp:term":[{"taxonomy":"category","embeddable":true,"href":"https:\/\/elmercuriomanta.ec\/index.php\/wp-json\/wp\/v2\/categories?post=44548"},{"taxonomy":"post_tag","embeddable":true,"href":"https:\/\/elmercuriomanta.ec\/index.php\/wp-json\/wp\/v2\/tags?post=44548"}],"curies":[{"name":"wp","href":"https:\/\/api.w.org\/{rel}","templated":true}]}}