{"id":4451,"date":"2023-08-22T14:13:35","date_gmt":"2023-08-22T19:13:35","guid":{"rendered":"https:\/\/elmercuriomanta.ec\/?p=4451"},"modified":"2023-08-22T14:13:35","modified_gmt":"2023-08-22T19:13:35","slug":"tenerife-es-zona-catastrofica-por-los-incendios","status":"publish","type":"post","link":"https:\/\/elmercuriomanta.ec\/index.php\/2023\/08\/22\/tenerife-es-zona-catastrofica-por-los-incendios\/","title":{"rendered":"Tenerife es zona catastr\u00f3fica por los incendios"},"content":{"rendered":"\n<figure class=\"wp-block-image aligncenter size-full is-resized\"><img fetchpriority=\"high\" decoding=\"async\" src=\"https:\/\/elmercuriomanta.ec\/wp-content\/uploads\/2023\/08\/image-163.png\" alt=\"\" class=\"wp-image-4453\" style=\"width:464px;height:278px\" width=\"464\" height=\"278\" srcset=\"https:\/\/elmercuriomanta.ec\/wp-content\/uploads\/2023\/08\/image-163.png 825w, https:\/\/elmercuriomanta.ec\/wp-content\/uploads\/2023\/08\/image-163-300x180.png 300w, https:\/\/elmercuriomanta.ec\/wp-content\/uploads\/2023\/08\/image-163-768x461.png 768w\" sizes=\"(max-width: 464px) 100vw, 464px\" \/><\/figure>\n\n\n\n<p>El incendio forestal en la isla de Espa\u00f1a de Tenerife, en las Canarias, ha cubierto alrededor de 12 813 hect\u00e1reas y 90 kil\u00f3metros de per\u00edmetro. Sin embargo, aunque durante el d\u00eda el incendio ha avanzado, se ha producido cierto \u00e9xito en las labores de extinci\u00f3n. Sin embargo, debido a la gravedad de los incendios que comenzaron hace cinco d\u00edas, el gobierno espa\u00f1ol declar\u00f3 a Tenerife una zona catastr\u00f3fica hasta que estos puedan ser contenidos.<\/p>\n\n\n\n<p>El presidente del Gobierno regional de las islas Canarias, Fernando Clavijo, coment\u00f3 que es la primera ocasi\u00f3n desde que el fuego se inici\u00f3, que las condiciones climatol\u00f3gicas son favorables y ha confiado en que con el pron\u00f3stico de vientos flojos. Eso permitir\u00eda que este lunes se pudiera \u00abdesembarcar de forma contundente\u00bb sobre Cho Marcial, en los altos de G\u00fc\u00edmar, aunque no hay que desatender algunas reactivaciones que se han producido en todo el per\u00edmetro.<\/p>\n\n\n\n<p>\u00abLa pericia, valent\u00eda y capacidad de los equipos de extinci\u00f3n han hecho que el escenario, aunque dif\u00edcil, se mucho mejor que ayer\u00bb, ha dicho el presidente. Da\u00f1os ocasionados por el incendio en Tenerife Clavijo afirm\u00f3 que entiende la desesperaci\u00f3n y nerviosismo de muchos de los evacuados, pero ha pedido que atiendan las instrucciones porque se trata de velar por su seguridad.<\/p>\n\n\n\n<p>Los t\u00e9cnicos Federico Grillo y Pedro Mart\u00edn explicaron los detalles del operativo realizado este lunes 21 de agosto y el previsto para ma\u00f1ana que tiene la intenci\u00f3n de ir cerrando los riesgos en el per\u00edmetro del incendio, aunque no se descartan reactivaciones. Han coincidido en que la situaci\u00f3n est\u00e1 m\u00e1s tranquila, pero han advertido de que a lo largo del per\u00edmetro hay muchos puntos calientes.<\/p>\n\n\n\n<div class=\"wp-block-essential-blocks-social\"><div class=\"eb-parent-wrapper eb-parent-eb-social-links-2ce40v9 \"><div class=\"eb-social-links-2ce40v9 eb-social-links-wrapper\"><ul class=\"eb-socials\"><li><a class=\"facebook-f-original  \" href=\"\/\/www.facebook.com\/YoSoyElMercurio\/?locale=es_LA\" target=\"_blank\" rel=\"noopener\"><i class=\"hvr-icon eb-social-icon fab fa-facebook-f\"><\/i><\/a><\/li><li><a class=\"twitter-original  \" href=\"\/\/twitter.com\/elmercuriomanta\" target=\"_blank\" rel=\"noopener\"><i class=\"hvr-icon eb-social-icon fab fa-twitter\"><\/i><\/a><\/li><li><a class=\"instagram-original  \" href=\"\/\/www.instagram.com\/elmercuriomanta\/?hl=es\" target=\"_blank\" rel=\"noopener\"><i class=\"hvr-icon eb-social-icon fab fa-instagram\"><\/i><\/a><\/li><\/ul><\/div><\/div><\/div>\n","protected":false},"excerpt":{"rendered":"<p>El incendio forestal en la isla de Espa\u00f1a de Tenerife, en las Canarias, ha cubierto alrededor de 12 813 hect\u00e1reas y 90 kil\u00f3metros de per\u00edmetro. Sin embargo, aunque durante el d\u00eda el incendio ha avanzado, se ha producido cierto \u00e9xito en las labores de extinci\u00f3n. <\/p>\n","protected":false},"author":12,"featured_media":4453,"comment_status":"open","ping_status":"open","sticky":false,"template":"","format":"standard","meta":{"footnotes":""},"categories":[8],"tags":[],"class_list":["post-4451","post","type-post","status-publish","format-standard","has-post-thumbnail","hentry","category-internacional"],"_links":{"self":[{"href":"https:\/\/elmercuriomanta.ec\/index.php\/wp-json\/wp\/v2\/posts\/4451","targetHints":{"allow":["GET"]}}],"collection":[{"href":"https:\/\/elmercuriomanta.ec\/index.php\/wp-json\/wp\/v2\/posts"}],"about":[{"href":"https:\/\/elmercuriomanta.ec\/index.php\/wp-json\/wp\/v2\/types\/post"}],"author":[{"embeddable":true,"href":"https:\/\/elmercuriomanta.ec\/index.php\/wp-json\/wp\/v2\/users\/12"}],"replies":[{"embeddable":true,"href":"https:\/\/elmercuriomanta.ec\/index.php\/wp-json\/wp\/v2\/comments?post=4451"}],"version-history":[{"count":1,"href":"https:\/\/elmercuriomanta.ec\/index.php\/wp-json\/wp\/v2\/posts\/4451\/revisions"}],"predecessor-version":[{"id":4454,"href":"https:\/\/elmercuriomanta.ec\/index.php\/wp-json\/wp\/v2\/posts\/4451\/revisions\/4454"}],"wp:featuredmedia":[{"embeddable":true,"href":"https:\/\/elmercuriomanta.ec\/index.php\/wp-json\/wp\/v2\/media\/4453"}],"wp:attachment":[{"href":"https:\/\/elmercuriomanta.ec\/index.php\/wp-json\/wp\/v2\/media?parent=4451"}],"wp:term":[{"taxonomy":"category","embeddable":true,"href":"https:\/\/elmercuriomanta.ec\/index.php\/wp-json\/wp\/v2\/categories?post=4451"},{"taxonomy":"post_tag","embeddable":true,"href":"https:\/\/elmercuriomanta.ec\/index.php\/wp-json\/wp\/v2\/tags?post=4451"}],"curies":[{"name":"wp","href":"https:\/\/api.w.org\/{rel}","templated":true}]}}