{"id":44429,"date":"2025-05-28T15:25:49","date_gmt":"2025-05-28T20:25:49","guid":{"rendered":"https:\/\/elmercuriomanta.ec\/?p=44429"},"modified":"2025-05-28T15:41:18","modified_gmt":"2025-05-28T20:41:18","slug":"ecuador-se-fortalece-ante-el-estiaje-gobierno-presenta-plan-con-incorporacion-de-979-megavatios","status":"publish","type":"post","link":"https:\/\/elmercuriomanta.ec\/index.php\/2025\/05\/28\/ecuador-se-fortalece-ante-el-estiaje-gobierno-presenta-plan-con-incorporacion-de-979-megavatios\/","title":{"rendered":"\u00a0Ecuador se fortalece ante el estiaje : Gobierno presenta plan con incorporaci\u00f3n de\u00a0 979 megavatios"},"content":{"rendered":"\n<figure class=\"wp-block-image aligncenter size-large is-resized\"><img fetchpriority=\"high\" decoding=\"async\" width=\"1024\" height=\"577\" src=\"https:\/\/elmercuriomanta.ec\/wp-content\/uploads\/2025\/05\/image-436-1024x577.png\" alt=\"\" class=\"wp-image-44433\" style=\"width:374px;height:auto\" srcset=\"https:\/\/elmercuriomanta.ec\/wp-content\/uploads\/2025\/05\/image-436-1024x577.png 1024w, https:\/\/elmercuriomanta.ec\/wp-content\/uploads\/2025\/05\/image-436-300x169.png 300w, https:\/\/elmercuriomanta.ec\/wp-content\/uploads\/2025\/05\/image-436-768x432.png 768w, https:\/\/elmercuriomanta.ec\/wp-content\/uploads\/2025\/05\/image-436.png 1190w\" sizes=\"(max-width: 1024px) 100vw, 1024px\" \/><\/figure>\n\n\n\n<p>El presidente de la Rep\u00fablica, Daniel Noboa Azin, lider\u00f3 este mi\u00e9rcoles una reuni\u00f3n clave con el Directorio de la Corporaci\u00f3n El\u00e9ctrica del Ecuador (CELEC EP), en la que se present\u00f3 el Plan de Estiaje 2025-2026. Este plan busca fortalecer la capacidad energ\u00e9tica del pa\u00eds frente a la temporada seca prevista entre septiembre y noviembre.<\/p>\n\n\n\n<p>El gerente general de CELEC, Gustavo S\u00e1nchez, inform\u00f3 que se incorporar\u00e1n 979 megavatios al Sistema Nacional Interconectado, lo que permitir\u00e1 afrontar el estiaje sin mayores complicaciones. \u201cCon esta incorporaci\u00f3n, el pa\u00eds est\u00e1 en condiciones de superar el estiaje sin inconvenientes\u201d, asegur\u00f3.<\/p>\n\n\n\n<p>Durante mayo, el pa\u00eds registr\u00f3 un pico de demanda el\u00e9ctrica de 5.110 megavatios, el cual fue cubierto exitosamente gracias a las centrales de generaci\u00f3n actualmente disponibles. Para finales de 2025, se proyecta que la disponibilidad de generaci\u00f3n t\u00e9rmica alcanzar\u00e1 un 85%, cifra hist\u00f3rica para el pa\u00eds.<\/p>\n\n\n\n<p><strong>Recuperaci\u00f3n y nuevas incorporaciones<\/strong><\/p>\n\n\n\n<p>S\u00e1nchez tambi\u00e9n detall\u00f3 que se est\u00e1n ejecutando procesos de contrataci\u00f3n para recuperar unidades generadoras que han estado inactivas por m\u00e1s de siete a\u00f1os. Adem\u00e1s:<\/p>\n\n\n\n<ul class=\"wp-block-list\">\n<li>Se alquilar\u00e1n 260 megavatios en Pascuales.<\/li>\n\n\n\n<li>Entrar\u00e1 en operaci\u00f3n el primer bloque de generaci\u00f3n de emergencia con 241 megavatios, provenientes de las nuevas centrales Salitral, Quevedo III y Esmeraldas III, hasta diciembre.<\/li>\n\n\n\n<li>Se recuperar\u00e1 una unidad a gas de la central Termogas Machala, con una capacidad de 65.5 megavatios.<\/li>\n<\/ul>\n\n\n\n<p><strong>Fortalecimiento institucional<\/strong><\/p>\n\n\n\n<p>La ministra de Energ\u00eda y Minas, In\u00e9s Manzano, explic\u00f3 que tambi\u00e9n se est\u00e1n realizando ajustes estructurales en CELEC EP para mejorar su eficiencia como empresa p\u00fablica. \u201cQueremos una CELEC saneada, fuerte y operativa\u201d, afirm\u00f3.<\/p>\n\n\n\n<p>En conjunto con el Presidente, se revisaron adem\u00e1s los planes de inversi\u00f3n y recuperaci\u00f3n. A la fecha, ya se han recuperado 84 megavatios de centrales hidroel\u00e9ctricas y t\u00e9rmicas.<\/p>\n\n\n\n<p>\u201cTodos sabemos lo que significa estar sin luz. No queremos que nadie vuelva a pasar por eso. Yo garantizo que no vamos a repetirlo, pero para eso necesitamos hacer inversiones estrat\u00e9gicas y avanzar con la recuperaci\u00f3n\u201d, concluy\u00f3 Manzano.<\/p>\n","protected":false},"excerpt":{"rendered":"<p>El presidente de la Rep\u00fablica, Daniel Noboa Azin, lider\u00f3 este mi\u00e9rcoles una reuni\u00f3n clave con el Directorio de la Corporaci\u00f3n El\u00e9ctrica del Ecuador (CELEC EP), en la que se present\u00f3 el Plan de Estiaje 2025-2026. Este plan busca fortalecer la capacidad energ\u00e9tica del pa\u00eds frente a la temporada seca prevista entre septiembre y noviembre.<\/p>\n","protected":false},"author":14,"featured_media":44433,"comment_status":"open","ping_status":"open","sticky":false,"template":"","format":"standard","meta":{"footnotes":""},"categories":[20,83,1],"tags":[23],"class_list":["post-44429","post","type-post","status-publish","format-standard","has-post-thumbnail","hentry","category-portada-2","category-sucesos","category-uncategorized","tag-ecuador"],"_links":{"self":[{"href":"https:\/\/elmercuriomanta.ec\/index.php\/wp-json\/wp\/v2\/posts\/44429","targetHints":{"allow":["GET"]}}],"collection":[{"href":"https:\/\/elmercuriomanta.ec\/index.php\/wp-json\/wp\/v2\/posts"}],"about":[{"href":"https:\/\/elmercuriomanta.ec\/index.php\/wp-json\/wp\/v2\/types\/post"}],"author":[{"embeddable":true,"href":"https:\/\/elmercuriomanta.ec\/index.php\/wp-json\/wp\/v2\/users\/14"}],"replies":[{"embeddable":true,"href":"https:\/\/elmercuriomanta.ec\/index.php\/wp-json\/wp\/v2\/comments?post=44429"}],"version-history":[{"count":3,"href":"https:\/\/elmercuriomanta.ec\/index.php\/wp-json\/wp\/v2\/posts\/44429\/revisions"}],"predecessor-version":[{"id":44434,"href":"https:\/\/elmercuriomanta.ec\/index.php\/wp-json\/wp\/v2\/posts\/44429\/revisions\/44434"}],"wp:featuredmedia":[{"embeddable":true,"href":"https:\/\/elmercuriomanta.ec\/index.php\/wp-json\/wp\/v2\/media\/44433"}],"wp:attachment":[{"href":"https:\/\/elmercuriomanta.ec\/index.php\/wp-json\/wp\/v2\/media?parent=44429"}],"wp:term":[{"taxonomy":"category","embeddable":true,"href":"https:\/\/elmercuriomanta.ec\/index.php\/wp-json\/wp\/v2\/categories?post=44429"},{"taxonomy":"post_tag","embeddable":true,"href":"https:\/\/elmercuriomanta.ec\/index.php\/wp-json\/wp\/v2\/tags?post=44429"}],"curies":[{"name":"wp","href":"https:\/\/api.w.org\/{rel}","templated":true}]}}