{"id":44360,"date":"2025-05-28T10:55:37","date_gmt":"2025-05-28T15:55:37","guid":{"rendered":"https:\/\/elmercuriomanta.ec\/?p=44360"},"modified":"2025-05-28T10:55:37","modified_gmt":"2025-05-28T15:55:37","slug":"tres-pescadores-estan-desaparecidos-en-medio-mar-habrian-sido-atacados-por-un-grupo-de-piratas-tras-un-atraco","status":"publish","type":"post","link":"https:\/\/elmercuriomanta.ec\/index.php\/2025\/05\/28\/tres-pescadores-estan-desaparecidos-en-medio-mar-habrian-sido-atacados-por-un-grupo-de-piratas-tras-un-atraco\/","title":{"rendered":"Tres Pescadores est\u00e1n Desaparecidos en Medio Mar, Habr\u00edan Sido Atacados por un Grupo de Piratas tras un Atraco"},"content":{"rendered":"\n<figure class=\"wp-block-image aligncenter size-full is-resized\"><img fetchpriority=\"high\" decoding=\"async\" width=\"274\" height=\"184\" src=\"https:\/\/elmercuriomanta.ec\/wp-content\/uploads\/2025\/05\/image-423.png\" alt=\"\" class=\"wp-image-44361\" style=\"width:458px;height:auto\"\/><\/figure>\n\n\n\n<p>Jean Pierre Ch\u00e1vez Flores de 16 a\u00f1os de edad originario del cant\u00f3n #Manta, Jos\u00e9 Felipe Bravo Tubay de 60 a\u00f1os de edad y Ram\u00f3n Bravo Paz de 35 a\u00f1os, del cant\u00f3n #Montecristi, son los pescadores desaparecidos de la embarcaci\u00f3n \u201cMi Alejandrita I &nbsp;\u201cLos hombres de mar zarparon del puerto artesanal de San Mateo, en Manta, el 20 de mayo de 2025 y ten\u00edan previsto regresar el 24 de mayo. Su \u00faltimo contacto con familiares fue el 23 de mayo, cuando informaron que ya se dirig\u00edan de vuelta al puerto.<\/p>\n\n\n\n<p>Sin embargo, ese mismo d\u00eda se report\u00f3 un asalto en altamar, lo que se cree que pudieron ser v\u00edctimas de delincuencia y quedar a la deriva. Las familias han hecho un llamado p\u00fablico para, donaciones de gasolina o recursos para financiar las labores de b\u00fasqueda. Valeria Mendoza, presidenta de Patronato de Montecristi, estuvo acompa\u00f1ando a las familias afectadas y coordin\u00f3 el apoyo inmediato a la Marina para activar la B\u00fasqueda a trav\u00e9s del Sistema SAR. En medio de tanto dolor e incertidumbre, les abrac\u00e9 y les habl\u00e9 desde el alma: La fe y la esperanza son lo \u00faltimo que se pierde. \u201cMientras haya un rayo de esperanza, estaremos aqu\u00ed, firmes, orando, acompa\u00f1ando y creyendo que el milagro a\u00fan es posible. A las familias les digo con el coraz\u00f3n: no est\u00e1n solas. Estamos con ustedes junto con mi esposo Jonathan Toro\u201d expres\u00f3 Mendoza.<\/p>\n","protected":false},"excerpt":{"rendered":"<p>Jean Pierre Ch\u00e1vez Flores de 16 a\u00f1os de edad originario del cant\u00f3n #Manta, Jos\u00e9 Felipe Bravo Tubay de 60 a\u00f1os de edad y Ram\u00f3n Bravo Paz de 35 a\u00f1os, del cant\u00f3n #Montecristi, son los pescadores desaparecidos de la embarcaci\u00f3n \u201cMi Alejandrita I \u00a0\u201cLos hombres de mar zarparon del puerto artesanal de San Mateo, en Manta, el 20 de mayo de 2025 y ten\u00edan previsto regresar el 24 de mayo. Su \u00faltimo contacto con familiares fue el 23 de mayo, cuando informaron que ya se dirig\u00edan de vuelta al puerto.<\/p>\n<p>Sin embargo, ese mismo d\u00eda se report\u00f3 un asalto en altamar, lo que se cree que pudieron ser v\u00edctimas de delincuencia y quedar a la deriva. Las familias han hecho un llamado p\u00fablico para, donaciones de gasolina o recursos para financiar las labores de b\u00fasqueda. Valeria Mendoza, presidenta de Patronato de Montecristi, estuvo acompa\u00f1ando a las familias afectadas y coordin\u00f3 el apoyo inmediato a la Marina para activar la B\u00fasqueda a trav\u00e9s del Sistema SAR. En medio de tanto dolor e incertidumbre, les abrac\u00e9 y les habl\u00e9 desde el alma: La fe y la esperanza son lo \u00faltimo que se pierde. \u201cMientras haya un rayo de esperanza, estaremos aqu\u00ed, firmes, orando, acompa\u00f1ando y creyendo que el milagro a\u00fan es posible. A las familias les digo con el coraz\u00f3n: no est\u00e1n solas. Estamos con ustedes junto con mi esposo Jonathan Toro\u201d expres\u00f3 Mendoza.<\/p>\n","protected":false},"author":12,"featured_media":44361,"comment_status":"open","ping_status":"open","sticky":false,"template":"","format":"standard","meta":{"footnotes":""},"categories":[1],"tags":[38],"class_list":["post-44360","post","type-post","status-publish","format-standard","has-post-thumbnail","hentry","category-uncategorized","tag-manta"],"_links":{"self":[{"href":"https:\/\/elmercuriomanta.ec\/index.php\/wp-json\/wp\/v2\/posts\/44360","targetHints":{"allow":["GET"]}}],"collection":[{"href":"https:\/\/elmercuriomanta.ec\/index.php\/wp-json\/wp\/v2\/posts"}],"about":[{"href":"https:\/\/elmercuriomanta.ec\/index.php\/wp-json\/wp\/v2\/types\/post"}],"author":[{"embeddable":true,"href":"https:\/\/elmercuriomanta.ec\/index.php\/wp-json\/wp\/v2\/users\/12"}],"replies":[{"embeddable":true,"href":"https:\/\/elmercuriomanta.ec\/index.php\/wp-json\/wp\/v2\/comments?post=44360"}],"version-history":[{"count":1,"href":"https:\/\/elmercuriomanta.ec\/index.php\/wp-json\/wp\/v2\/posts\/44360\/revisions"}],"predecessor-version":[{"id":44363,"href":"https:\/\/elmercuriomanta.ec\/index.php\/wp-json\/wp\/v2\/posts\/44360\/revisions\/44363"}],"wp:featuredmedia":[{"embeddable":true,"href":"https:\/\/elmercuriomanta.ec\/index.php\/wp-json\/wp\/v2\/media\/44361"}],"wp:attachment":[{"href":"https:\/\/elmercuriomanta.ec\/index.php\/wp-json\/wp\/v2\/media?parent=44360"}],"wp:term":[{"taxonomy":"category","embeddable":true,"href":"https:\/\/elmercuriomanta.ec\/index.php\/wp-json\/wp\/v2\/categories?post=44360"},{"taxonomy":"post_tag","embeddable":true,"href":"https:\/\/elmercuriomanta.ec\/index.php\/wp-json\/wp\/v2\/tags?post=44360"}],"curies":[{"name":"wp","href":"https:\/\/api.w.org\/{rel}","templated":true}]}}