{"id":43936,"date":"2025-05-22T16:06:16","date_gmt":"2025-05-22T21:06:16","guid":{"rendered":"https:\/\/elmercuriomanta.ec\/?p=43936"},"modified":"2025-05-22T16:08:48","modified_gmt":"2025-05-22T21:08:48","slug":"presencia-clave-xi-jinping-envia-un-delegado-a","status":"publish","type":"post","link":"https:\/\/elmercuriomanta.ec\/index.php\/2025\/05\/22\/presencia-clave-xi-jinping-envia-un-delegado-a\/","title":{"rendered":"Presencia clave: Xi Jinping env\u00eda un delegado a\u00a0investidura de Noboa"},"content":{"rendered":"\n<figure class=\"wp-block-image aligncenter size-full is-resized\"><img fetchpriority=\"high\" decoding=\"async\" width=\"660\" height=\"440\" src=\"https:\/\/elmercuriomanta.ec\/wp-content\/uploads\/2025\/05\/image-332.png\" alt=\"\" class=\"wp-image-43937\" style=\"width:424px;height:auto\" srcset=\"https:\/\/elmercuriomanta.ec\/wp-content\/uploads\/2025\/05\/image-332.png 660w, https:\/\/elmercuriomanta.ec\/wp-content\/uploads\/2025\/05\/image-332-300x200.png 300w\" sizes=\"(max-width: 660px) 100vw, 660px\" \/><\/figure>\n\n\n\n<p>La ma\u00f1ana del s\u00e1bado en la\u00a0Asamblea Nacional\u00a0de Ecuador, se dar\u00e1<strong> El acto de posesi\u00f3n de Daniel Noboa,  quien est\u00e1 en el poder desde noviembre de 2023,<\/strong>\u00a0para su nuevo mandato. Por lo que, los invitados internacionales est\u00e1n confirmando su asintencia. <strong>La Embajada de la Rep\u00fablica Popular de China en Ecuador inform\u00f3 que el presidente de ese pa\u00eds, Xi Jinping,\u00a0<\/strong>enviar\u00e1 a su ministro de Educaci\u00f3n, Huai Jinpeng.<\/p>\n\n\n\n<p>En abril de 2025,\u00a0<strong>luego que Noboa ganara las elecciones, el presidente chino, a trav\u00e9s del Ministerio de Relaciones Exteriores,<\/strong>\u00a0Lin Jian,  felicit\u00f3 su reelecci\u00f3n en la segunda vuelta.<\/p>\n","protected":false},"excerpt":{"rendered":"<p>La ma\u00f1ana del s\u00e1bado en la\u00a0Asamblea Nacional\u00a0de Ecuador, se dar\u00e1 El acto de posesi\u00f3n de Daniel Noboa,  quien est\u00e1 en el poder desde noviembre de 2023,\u00a0para su nuevo mandato. Por lo que, los invitados internacionales est\u00e1n confirmando su asintencia. La Embajada de la Rep\u00fablica Popular de China en Ecuador inform\u00f3 que el presidente de ese pa\u00eds, Xi Jinping,\u00a0enviar\u00e1 a su ministro de Educaci\u00f3n, Huai Jinpeng.<\/p>\n","protected":false},"author":14,"featured_media":43937,"comment_status":"open","ping_status":"open","sticky":false,"template":"","format":"standard","meta":{"footnotes":""},"categories":[83,1],"tags":[23],"class_list":["post-43936","post","type-post","status-publish","format-standard","has-post-thumbnail","hentry","category-sucesos","category-uncategorized","tag-ecuador"],"_links":{"self":[{"href":"https:\/\/elmercuriomanta.ec\/index.php\/wp-json\/wp\/v2\/posts\/43936","targetHints":{"allow":["GET"]}}],"collection":[{"href":"https:\/\/elmercuriomanta.ec\/index.php\/wp-json\/wp\/v2\/posts"}],"about":[{"href":"https:\/\/elmercuriomanta.ec\/index.php\/wp-json\/wp\/v2\/types\/post"}],"author":[{"embeddable":true,"href":"https:\/\/elmercuriomanta.ec\/index.php\/wp-json\/wp\/v2\/users\/14"}],"replies":[{"embeddable":true,"href":"https:\/\/elmercuriomanta.ec\/index.php\/wp-json\/wp\/v2\/comments?post=43936"}],"version-history":[{"count":3,"href":"https:\/\/elmercuriomanta.ec\/index.php\/wp-json\/wp\/v2\/posts\/43936\/revisions"}],"predecessor-version":[{"id":43940,"href":"https:\/\/elmercuriomanta.ec\/index.php\/wp-json\/wp\/v2\/posts\/43936\/revisions\/43940"}],"wp:featuredmedia":[{"embeddable":true,"href":"https:\/\/elmercuriomanta.ec\/index.php\/wp-json\/wp\/v2\/media\/43937"}],"wp:attachment":[{"href":"https:\/\/elmercuriomanta.ec\/index.php\/wp-json\/wp\/v2\/media?parent=43936"}],"wp:term":[{"taxonomy":"category","embeddable":true,"href":"https:\/\/elmercuriomanta.ec\/index.php\/wp-json\/wp\/v2\/categories?post=43936"},{"taxonomy":"post_tag","embeddable":true,"href":"https:\/\/elmercuriomanta.ec\/index.php\/wp-json\/wp\/v2\/tags?post=43936"}],"curies":[{"name":"wp","href":"https:\/\/api.w.org\/{rel}","templated":true}]}}