{"id":43921,"date":"2025-05-22T16:14:05","date_gmt":"2025-05-22T21:14:05","guid":{"rendered":"https:\/\/elmercuriomanta.ec\/?p=43921"},"modified":"2025-05-22T16:15:59","modified_gmt":"2025-05-22T21:15:59","slug":"petro-viajara-a-ecuador-asistira-a-la-posesion-del-presidente-daniel-noboa","status":"publish","type":"post","link":"https:\/\/elmercuriomanta.ec\/index.php\/2025\/05\/22\/petro-viajara-a-ecuador-asistira-a-la-posesion-del-presidente-daniel-noboa\/","title":{"rendered":"Petro viajar\u00e1 a Ecuador : Asistir\u00e1 a la posesi\u00f3n del presidente Daniel Noboa"},"content":{"rendered":"\n<figure class=\"wp-block-image aligncenter size-full is-resized\"><img fetchpriority=\"high\" decoding=\"async\" width=\"832\" height=\"468\" src=\"https:\/\/elmercuriomanta.ec\/wp-content\/uploads\/2025\/05\/680a5c1934fa7.jpeg\" alt=\"\" class=\"wp-image-43922\" style=\"width:373px;height:auto\" srcset=\"https:\/\/elmercuriomanta.ec\/wp-content\/uploads\/2025\/05\/680a5c1934fa7.jpeg 832w, https:\/\/elmercuriomanta.ec\/wp-content\/uploads\/2025\/05\/680a5c1934fa7-300x169.jpeg 300w, https:\/\/elmercuriomanta.ec\/wp-content\/uploads\/2025\/05\/680a5c1934fa7-768x432.jpeg 768w\" sizes=\"(max-width: 832px) 100vw, 832px\" \/><\/figure>\n\n\n\n<p>Aumenta la lista de invitados internacionales de la posesi\u00f3n del presidente Daniel Noboa que se realizar\u00e1 este 24 de mayo. El mandatario colombiano Gustavo Petro asistir\u00e1 a la investidura de su hom\u00f3logo de Ecuador. As\u00ed lo informaron medios colombianos.<\/p>\n\n\n\n<p>Petro, quien tras las elecciones de abril reconoci\u00f3 la victoria de Noboa sobre la candidata corre\u00edsta Luisa Gonz\u00e1lez.<\/p>\n\n\n\n<p>La ceremonia de posesi\u00f3n presidencial de Noboa est\u00e1 prevista para el 24 de mayo de 2025 en Quito, y se espera la llegada de delegaciones de al menos 70 pa\u00edses, seg\u00fan ha se\u00f1alado la Canciller\u00eda ecuatoriana.&nbsp;<\/p>\n\n\n\n<p>El arribo de Petro, quien tras las elecciones de abril no hab\u00eda reconocido la victoria de Noboa sobre la candidata corre\u00edsta Luisa Gonz\u00e1lez, fue confirmado por la presidencia de Colombia a los medios del pa\u00eds vecino.<\/p>\n\n\n\n<p>\u00abLa Casa de Nari\u00f1o confirm\u00f3 que el presidente Gustavo Petro asistir\u00e1 este fin de semana a la posesi\u00f3n de Daniel Noboa como presidente de Ecuador\u00bb, fue el mensaje del medio RCN Radio, este jueves.&nbsp;<\/p>\n\n\n\n<p>Petro llegar\u00eda a Quito acompa\u00f1ado de la canciller Laura Sarabia, muy cercana al mandatario colombiano.&nbsp;<\/p>\n\n\n\n<p>Adem\u00e1s de Petro, otros nombres de funcionarios confirmados en la investidura de Noboa son la mandataria de Per\u00fa, Dina Boluarte; el canciller de Brasil, Mauro Vieira, y el secretario de Salud de Estados Unidos, Robert F. Kennedy Jr.&nbsp;<\/p>\n\n\n\n<p>El jefe de Estado de Colombia, de tendencia izquierdista, ya hab\u00eda tenido un encuentro previo con Noboa luego de las elecciones de segunda vuelta. Ocurri\u00f3 el pasado 18 de mayo en la misa de entronizaci\u00f3n del papa Le\u00f3n XIV cuando fueron vistos juntos conversando.&nbsp;<\/p>\n","protected":false},"excerpt":{"rendered":"<p>La lista de invitados internacionales de la posesi\u00f3n del presidente Daniel Noboa va en aumento. Este 22 de mayo de 2025, medios colombianos informaron que el mandatario Gustavo Petro asistir\u00e1 a la investidura de su hom\u00f3logo de Ecuador.\u00a0<\/p>\n","protected":false},"author":14,"featured_media":43922,"comment_status":"open","ping_status":"open","sticky":false,"template":"","format":"standard","meta":{"footnotes":""},"categories":[1],"tags":[],"class_list":["post-43921","post","type-post","status-publish","format-standard","has-post-thumbnail","hentry","category-uncategorized"],"_links":{"self":[{"href":"https:\/\/elmercuriomanta.ec\/index.php\/wp-json\/wp\/v2\/posts\/43921","targetHints":{"allow":["GET"]}}],"collection":[{"href":"https:\/\/elmercuriomanta.ec\/index.php\/wp-json\/wp\/v2\/posts"}],"about":[{"href":"https:\/\/elmercuriomanta.ec\/index.php\/wp-json\/wp\/v2\/types\/post"}],"author":[{"embeddable":true,"href":"https:\/\/elmercuriomanta.ec\/index.php\/wp-json\/wp\/v2\/users\/14"}],"replies":[{"embeddable":true,"href":"https:\/\/elmercuriomanta.ec\/index.php\/wp-json\/wp\/v2\/comments?post=43921"}],"version-history":[{"count":2,"href":"https:\/\/elmercuriomanta.ec\/index.php\/wp-json\/wp\/v2\/posts\/43921\/revisions"}],"predecessor-version":[{"id":43945,"href":"https:\/\/elmercuriomanta.ec\/index.php\/wp-json\/wp\/v2\/posts\/43921\/revisions\/43945"}],"wp:featuredmedia":[{"embeddable":true,"href":"https:\/\/elmercuriomanta.ec\/index.php\/wp-json\/wp\/v2\/media\/43922"}],"wp:attachment":[{"href":"https:\/\/elmercuriomanta.ec\/index.php\/wp-json\/wp\/v2\/media?parent=43921"}],"wp:term":[{"taxonomy":"category","embeddable":true,"href":"https:\/\/elmercuriomanta.ec\/index.php\/wp-json\/wp\/v2\/categories?post=43921"},{"taxonomy":"post_tag","embeddable":true,"href":"https:\/\/elmercuriomanta.ec\/index.php\/wp-json\/wp\/v2\/tags?post=43921"}],"curies":[{"name":"wp","href":"https:\/\/api.w.org\/{rel}","templated":true}]}}