{"id":43733,"date":"2025-05-20T14:28:57","date_gmt":"2025-05-20T19:28:57","guid":{"rendered":"https:\/\/elmercuriomanta.ec\/?p=43733"},"modified":"2025-05-20T14:35:46","modified_gmt":"2025-05-20T19:35:46","slug":"manabita-al-mando-jaime-estrada-preside-la-comision-de-derechos-en-la-asamblea","status":"publish","type":"post","link":"https:\/\/elmercuriomanta.ec\/index.php\/2025\/05\/20\/manabita-al-mando-jaime-estrada-preside-la-comision-de-derechos-en-la-asamblea\/","title":{"rendered":"\u00a1Manabita al mando! Jaime Estrada preside la Comisi\u00f3n de Derechos en la Asamblea"},"content":{"rendered":"\n<figure class=\"wp-block-image aligncenter size-large is-resized\"><img fetchpriority=\"high\" decoding=\"async\" width=\"1024\" height=\"768\" src=\"https:\/\/elmercuriomanta.ec\/wp-content\/uploads\/2025\/05\/499166420_1193914306080489_2006483828925985578_n-1024x768.jpg\" alt=\"\" class=\"wp-image-43736\" style=\"width:348px;height:auto\" srcset=\"https:\/\/elmercuriomanta.ec\/wp-content\/uploads\/2025\/05\/499166420_1193914306080489_2006483828925985578_n-1024x768.jpg 1024w, https:\/\/elmercuriomanta.ec\/wp-content\/uploads\/2025\/05\/499166420_1193914306080489_2006483828925985578_n-300x225.jpg 300w, https:\/\/elmercuriomanta.ec\/wp-content\/uploads\/2025\/05\/499166420_1193914306080489_2006483828925985578_n-768x576.jpg 768w, https:\/\/elmercuriomanta.ec\/wp-content\/uploads\/2025\/05\/499166420_1193914306080489_2006483828925985578_n-1536x1152.jpg 1536w, https:\/\/elmercuriomanta.ec\/wp-content\/uploads\/2025\/05\/499166420_1193914306080489_2006483828925985578_n.jpg 1600w\" sizes=\"(max-width: 1024px) 100vw, 1024px\" \/><\/figure>\n\n\n\n<p> Con el respaldo total de los 10 votos de la bancada de Revoluci\u00f3n Ciudadana, el asamble\u00edsta manabita Jaime Estrada fue designado este martes como presidente de la Comisi\u00f3n de Garant\u00edas Constitucionales, Derechos Humanos, Derechos Colectivos y la Interculturalidad de la Asamblea Nacional del Ecuador.<\/p>\n\n\n\n<p>\u201cGracias a Dios y al pueblo manabita por brindarme esta oportunidad, y a ustedes, compa\u00f1eros asamble\u00edstas, por confiar en m\u00ed para liderar esta comisi\u00f3n. Desde aqu\u00ed trabajaremos unidos en defensa de los derechos de todos los ecuatorianos, dentro y fuera del pa\u00eds\u201d, expres\u00f3 Estrada.<\/p>\n","protected":false},"excerpt":{"rendered":"<p>Con el respaldo total de los 10 votos de la bancada de Revoluci\u00f3n Ciudadana, el asamble\u00edsta manabita Jaime Estrada fue designado este martes como presidente de la Comisi\u00f3n de Garant\u00edas Constitucionales, Derechos Humanos, Derechos Colectivos y la Interculturalidad de la Asamblea Nacional del Ecuador.<\/p>\n","protected":false},"author":14,"featured_media":43736,"comment_status":"open","ping_status":"open","sticky":false,"template":"","format":"standard","meta":{"footnotes":""},"categories":[1],"tags":[],"class_list":["post-43733","post","type-post","status-publish","format-standard","has-post-thumbnail","hentry","category-uncategorized"],"_links":{"self":[{"href":"https:\/\/elmercuriomanta.ec\/index.php\/wp-json\/wp\/v2\/posts\/43733","targetHints":{"allow":["GET"]}}],"collection":[{"href":"https:\/\/elmercuriomanta.ec\/index.php\/wp-json\/wp\/v2\/posts"}],"about":[{"href":"https:\/\/elmercuriomanta.ec\/index.php\/wp-json\/wp\/v2\/types\/post"}],"author":[{"embeddable":true,"href":"https:\/\/elmercuriomanta.ec\/index.php\/wp-json\/wp\/v2\/users\/14"}],"replies":[{"embeddable":true,"href":"https:\/\/elmercuriomanta.ec\/index.php\/wp-json\/wp\/v2\/comments?post=43733"}],"version-history":[{"count":3,"href":"https:\/\/elmercuriomanta.ec\/index.php\/wp-json\/wp\/v2\/posts\/43733\/revisions"}],"predecessor-version":[{"id":43737,"href":"https:\/\/elmercuriomanta.ec\/index.php\/wp-json\/wp\/v2\/posts\/43733\/revisions\/43737"}],"wp:featuredmedia":[{"embeddable":true,"href":"https:\/\/elmercuriomanta.ec\/index.php\/wp-json\/wp\/v2\/media\/43736"}],"wp:attachment":[{"href":"https:\/\/elmercuriomanta.ec\/index.php\/wp-json\/wp\/v2\/media?parent=43733"}],"wp:term":[{"taxonomy":"category","embeddable":true,"href":"https:\/\/elmercuriomanta.ec\/index.php\/wp-json\/wp\/v2\/categories?post=43733"},{"taxonomy":"post_tag","embeddable":true,"href":"https:\/\/elmercuriomanta.ec\/index.php\/wp-json\/wp\/v2\/tags?post=43733"}],"curies":[{"name":"wp","href":"https:\/\/api.w.org\/{rel}","templated":true}]}}