{"id":43705,"date":"2025-05-20T10:28:10","date_gmt":"2025-05-20T15:28:10","guid":{"rendered":"https:\/\/elmercuriomanta.ec\/?p=43705"},"modified":"2025-05-20T10:28:10","modified_gmt":"2025-05-20T15:28:10","slug":"a-oscuras-y-sin-atencion-hospital-teodoro-maldonado-carbo-sin-luz-desde-la-madrugada","status":"publish","type":"post","link":"https:\/\/elmercuriomanta.ec\/index.php\/2025\/05\/20\/a-oscuras-y-sin-atencion-hospital-teodoro-maldonado-carbo-sin-luz-desde-la-madrugada\/","title":{"rendered":"A oscuras y sin atenci\u00f3n : Hospital Teodoro Maldonado Carbo sin luz desde la madrugada"},"content":{"rendered":"\n<figure class=\"wp-block-image aligncenter size-large is-resized\"><img fetchpriority=\"high\" decoding=\"async\" width=\"1024\" height=\"962\" src=\"https:\/\/elmercuriomanta.ec\/wp-content\/uploads\/2025\/05\/WhatsApp-Image-2025-05-20-at-10.23.48-1024x962.jpeg\" alt=\"\" class=\"wp-image-43707\" style=\"width:445px;height:auto\" srcset=\"https:\/\/elmercuriomanta.ec\/wp-content\/uploads\/2025\/05\/WhatsApp-Image-2025-05-20-at-10.23.48-1024x962.jpeg 1024w, https:\/\/elmercuriomanta.ec\/wp-content\/uploads\/2025\/05\/WhatsApp-Image-2025-05-20-at-10.23.48-300x282.jpeg 300w, https:\/\/elmercuriomanta.ec\/wp-content\/uploads\/2025\/05\/WhatsApp-Image-2025-05-20-at-10.23.48-768x722.jpeg 768w, https:\/\/elmercuriomanta.ec\/wp-content\/uploads\/2025\/05\/WhatsApp-Image-2025-05-20-at-10.23.48.jpeg 1165w\" sizes=\"(max-width: 1024px) 100vw, 1024px\" \/><\/figure>\n\n\n\n<p><strong>El<\/strong> <strong>Hospital<\/strong> <strong>Teodoro<\/strong> <strong>Maldonado<\/strong> <strong>del<\/strong> <strong>IESS<\/strong> se encuentra sin <strong>energ\u00eda<\/strong> <strong>desde<\/strong> las 04:00. No se ha determinado <strong>la<\/strong> causa <strong>de<\/strong> <strong>la<\/strong> falla <strong>el\u00e9ctrica<\/strong>, <strong>sin<\/strong> embargo, esto ocurre en medio de reclamos porque las personas no est\u00e1n siendo atendidas.&nbsp;<\/p>\n\n\n\n<p id=\"m140-139-141\"><strong>Delia Paz, paciente que lucha contra el c\u00e1ncer<\/strong>, madrug\u00f3 para hacerse un examen de sangre, necesario para poder recibir ma\u00f1ana su quimioterapia.<\/p>\n\n\n\n<p id=\"m145-144-146\">\u00abMe siento angustiada de\u00a0<strong>que no pueda hacerme la quimioterapia<\/strong>, esto me afecta mucho\u00bb, dijo a Diario EXPRESO <strong>Delia<\/strong> Paz. <\/p>\n\n\n\n<p>Adultos mayores est\u00e1n sentados en las veredas,\u00a0sin desayunar, expuestos al sol, mientras esperan una soluci\u00f3n o al menos una explicaci\u00f3n oficial.<\/p>\n\n\n\n<figure class=\"wp-block-embed is-type-rich is-provider-twitter wp-block-embed-twitter\"><div class=\"wp-block-embed__wrapper\">\n<blockquote class=\"twitter-tweet\" data-width=\"550\" data-dnt=\"true\"><p lang=\"es\" dir=\"ltr\"><a href=\"https:\/\/twitter.com\/hashtag\/IESSteInforma?src=hash&amp;ref_src=twsrc%5Etfw\">#IESSteInforma<\/a> | Ante el corte temporal de luz el <a href=\"https:\/\/twitter.com\/HtmcIess?ref_src=twsrc%5Etfw\">@HtmcIess<\/a> \ud83c\udfe5informa\u2935\ufe0f <a href=\"https:\/\/t.co\/wbWfn39cmR\">pic.twitter.com\/wbWfn39cmR<\/a><\/p>&mdash; Hospital de Especialidades Teodoro Maldonado Carbo (@HtmcIess) <a href=\"https:\/\/twitter.com\/HtmcIess\/status\/1924840907385315620?ref_src=twsrc%5Etfw\">May 20, 2025<\/a><\/blockquote><script async src=\"https:\/\/platform.twitter.com\/widgets.js\" charset=\"utf-8\"><\/script>\n<\/div><\/figure>\n\n\n\n<blockquote class=\"wp-block-quote is-layout-flow wp-block-quote-is-layout-flow\">\n<h2 class=\"wp-block-heading\" id=\"m155-154-156\">\u00a0<\/h2>\n\n\n\n<p id=\"m227-226-228\"><\/p>\n<\/blockquote>\n","protected":false},"excerpt":{"rendered":"<p>El Hospital Teodoro Maldonado del IESS se encuentra sin energ\u00eda desde las 04:00. No se ha determinado la causa de la falla el\u00e9ctrica, sin embargo, esto ocurre en medio de reclamos porque las personas no est\u00e1n siendo atendidas.\u00a0<\/p>\n","protected":false},"author":14,"featured_media":43707,"comment_status":"open","ping_status":"open","sticky":false,"template":"","format":"standard","meta":{"footnotes":""},"categories":[1],"tags":[23],"class_list":["post-43705","post","type-post","status-publish","format-standard","has-post-thumbnail","hentry","category-uncategorized","tag-ecuador"],"_links":{"self":[{"href":"https:\/\/elmercuriomanta.ec\/index.php\/wp-json\/wp\/v2\/posts\/43705","targetHints":{"allow":["GET"]}}],"collection":[{"href":"https:\/\/elmercuriomanta.ec\/index.php\/wp-json\/wp\/v2\/posts"}],"about":[{"href":"https:\/\/elmercuriomanta.ec\/index.php\/wp-json\/wp\/v2\/types\/post"}],"author":[{"embeddable":true,"href":"https:\/\/elmercuriomanta.ec\/index.php\/wp-json\/wp\/v2\/users\/14"}],"replies":[{"embeddable":true,"href":"https:\/\/elmercuriomanta.ec\/index.php\/wp-json\/wp\/v2\/comments?post=43705"}],"version-history":[{"count":1,"href":"https:\/\/elmercuriomanta.ec\/index.php\/wp-json\/wp\/v2\/posts\/43705\/revisions"}],"predecessor-version":[{"id":43708,"href":"https:\/\/elmercuriomanta.ec\/index.php\/wp-json\/wp\/v2\/posts\/43705\/revisions\/43708"}],"wp:featuredmedia":[{"embeddable":true,"href":"https:\/\/elmercuriomanta.ec\/index.php\/wp-json\/wp\/v2\/media\/43707"}],"wp:attachment":[{"href":"https:\/\/elmercuriomanta.ec\/index.php\/wp-json\/wp\/v2\/media?parent=43705"}],"wp:term":[{"taxonomy":"category","embeddable":true,"href":"https:\/\/elmercuriomanta.ec\/index.php\/wp-json\/wp\/v2\/categories?post=43705"},{"taxonomy":"post_tag","embeddable":true,"href":"https:\/\/elmercuriomanta.ec\/index.php\/wp-json\/wp\/v2\/tags?post=43705"}],"curies":[{"name":"wp","href":"https:\/\/api.w.org\/{rel}","templated":true}]}}