{"id":43623,"date":"2025-05-19T11:58:07","date_gmt":"2025-05-19T16:58:07","guid":{"rendered":"https:\/\/elmercuriomanta.ec\/?p=43623"},"modified":"2025-05-19T11:58:07","modified_gmt":"2025-05-19T16:58:07","slug":"atleta-esta-desaparecido-en-la-reserva-ecologica-de-los-illinizas","status":"publish","type":"post","link":"https:\/\/elmercuriomanta.ec\/index.php\/2025\/05\/19\/atleta-esta-desaparecido-en-la-reserva-ecologica-de-los-illinizas\/","title":{"rendered":"Atleta est\u00e1 desaparecido en la Reserva Ecol\u00f3gica de los Illinizas"},"content":{"rendered":"\n<figure class=\"wp-block-image aligncenter size-full is-resized\"><img fetchpriority=\"high\" decoding=\"async\" width=\"1024\" height=\"683\" src=\"https:\/\/elmercuriomanta.ec\/wp-content\/uploads\/2025\/05\/image-277.png\" alt=\"\" class=\"wp-image-43626\" style=\"width:543px;height:auto\" srcset=\"https:\/\/elmercuriomanta.ec\/wp-content\/uploads\/2025\/05\/image-277.png 1024w, https:\/\/elmercuriomanta.ec\/wp-content\/uploads\/2025\/05\/image-277-300x200.png 300w, https:\/\/elmercuriomanta.ec\/wp-content\/uploads\/2025\/05\/image-277-768x512.png 768w\" sizes=\"(max-width: 1024px) 100vw, 1024px\" \/><\/figure>\n\n\n\n<p>El atleta Patricio David Factos L\u00f3pez desapareci\u00f3 el domingo 18 de mayo en la Reserva Ecol\u00f3gica de los Illinizas, mientras participaba de una competencia atl\u00e9tica.<\/p>\n\n\n\n<h2 class=\"wp-block-heading\">Patricio Factos L\u00f3pez, desaparecido<\/h2>\n\n\n\n<p>Patricio Factos desapareci\u00f3 en medio de una competencia atl\u00e9tica de alta monta\u00f1a en los Illinizas. La \u00faltima vez que se lo vio fue saliendo del paradero de la Virgen en Chaupi.<\/p>\n\n\n\n<p>Estaba previsto que concluyera la carrera en la Laguna de los Patos; sin embargo, Patricio no lleg\u00f3.<\/p>\n\n\n\n<p>Al momento de la competencia, vest\u00eda una pantaloneta de color naranja y buzo blanco de manga larga.<\/p>\n\n\n\n<p>Durante la noche del domingo, las redes sociales se llenaron de la foto de Patricio Factos con el pedido de contactar con su familia ante cualquier informaci\u00f3n que se tenga.<\/p>\n\n\n\n<p>La b\u00fasqueda de Patricio Factos L\u00f3pez<\/p>\n\n\n\n<p>El Servicio de Emergencias ECU911 inform\u00f3 que recibi\u00f3 la llamada de alerta a las 15:43 del domingo 18 de mayo de 2025 a la l\u00ednea \u00fanica de emergencias.<\/p>\n\n\n\n<p>Desde la Sala Operativa, se coordin\u00f3 la movilizaci\u00f3n de personal de la Polic\u00eda Nacional y de los Cuerpos de Bomberos de Mej\u00eda y Latacunga, quienes iniciaron las labores de b\u00fasqueda.<\/p>\n\n\n\n<p>El Ministerio del Ambiente, Agua y Transici\u00f3n Ecol\u00f3gica (Maate) confirm\u00f3 este lunes 19 de mayo que, tras conocer el reporte del atleta desaparecido, los guardaparques del \u00e1rea activaron de inmediato los protocolos de emergencia establecidos para estos casos.<\/p>\n\n\n\n<p>Los guardaparques han participado activamente en los recorridos de b\u00fasqueda terrestre y han aportado informaci\u00f3n t\u00e9cnica sobre el \u00e1rea protegida, con el fin de facilitar el acceso seguro a los equipos de rescate.<\/p>\n\n\n\n<p>Ellos permanecen desplegados en la zona para brindar apoyo constante al personal de b\u00fasqueda desplegado.<\/p>\n\n\n\n<p>Si tiene alguna informaci\u00f3n, puede comunicarse al 0988390059.<\/p>\n","protected":false},"excerpt":{"rendered":"<p>El atleta Patricio David Factos L\u00f3pez desapareci\u00f3 el domingo 18 de mayo en la Reserva Ecol\u00f3gica de los Illinizas, mientras participaba de una competencia atl\u00e9tica. Patricio Factos L\u00f3pez, desaparecido Patricio Factos desapareci\u00f3 en medio de una competencia atl\u00e9tica de alta monta\u00f1a en los Illinizas. La \u00faltima vez que se lo vio fue saliendo del paradero [&hellip;]<\/p>\n","protected":false},"author":14,"featured_media":0,"comment_status":"open","ping_status":"open","sticky":false,"template":"","format":"standard","meta":{"footnotes":""},"categories":[1],"tags":[],"class_list":["post-43623","post","type-post","status-publish","format-standard","hentry","category-uncategorized"],"_links":{"self":[{"href":"https:\/\/elmercuriomanta.ec\/index.php\/wp-json\/wp\/v2\/posts\/43623","targetHints":{"allow":["GET"]}}],"collection":[{"href":"https:\/\/elmercuriomanta.ec\/index.php\/wp-json\/wp\/v2\/posts"}],"about":[{"href":"https:\/\/elmercuriomanta.ec\/index.php\/wp-json\/wp\/v2\/types\/post"}],"author":[{"embeddable":true,"href":"https:\/\/elmercuriomanta.ec\/index.php\/wp-json\/wp\/v2\/users\/14"}],"replies":[{"embeddable":true,"href":"https:\/\/elmercuriomanta.ec\/index.php\/wp-json\/wp\/v2\/comments?post=43623"}],"version-history":[{"count":1,"href":"https:\/\/elmercuriomanta.ec\/index.php\/wp-json\/wp\/v2\/posts\/43623\/revisions"}],"predecessor-version":[{"id":43628,"href":"https:\/\/elmercuriomanta.ec\/index.php\/wp-json\/wp\/v2\/posts\/43623\/revisions\/43628"}],"wp:attachment":[{"href":"https:\/\/elmercuriomanta.ec\/index.php\/wp-json\/wp\/v2\/media?parent=43623"}],"wp:term":[{"taxonomy":"category","embeddable":true,"href":"https:\/\/elmercuriomanta.ec\/index.php\/wp-json\/wp\/v2\/categories?post=43623"},{"taxonomy":"post_tag","embeddable":true,"href":"https:\/\/elmercuriomanta.ec\/index.php\/wp-json\/wp\/v2\/tags?post=43623"}],"curies":[{"name":"wp","href":"https:\/\/api.w.org\/{rel}","templated":true}]}}