{"id":43468,"date":"2025-05-16T17:34:37","date_gmt":"2025-05-16T22:34:37","guid":{"rendered":"https:\/\/elmercuriomanta.ec\/?p=43468"},"modified":"2025-05-16T17:34:37","modified_gmt":"2025-05-16T22:34:37","slug":"ni-lo-sagrado-se-respeta-delincuentes-vandalizan-e-incendian-la-gruta-del-divino-nino-en-jipijapa","status":"publish","type":"post","link":"https:\/\/elmercuriomanta.ec\/index.php\/2025\/05\/16\/ni-lo-sagrado-se-respeta-delincuentes-vandalizan-e-incendian-la-gruta-del-divino-nino-en-jipijapa\/","title":{"rendered":"\u00a1Ni lo sagrado se respeta! Delincuentes vandalizan e incendian la gruta del Divino Ni\u00f1o en Jipijapa"},"content":{"rendered":"\n<figure class=\"wp-block-image aligncenter size-large is-resized\"><img fetchpriority=\"high\" decoding=\"async\" width=\"839\" height=\"1024\" src=\"https:\/\/elmercuriomanta.ec\/wp-content\/uploads\/2025\/05\/WhatsApp-Image-2025-05-16-at-17.33.39-839x1024.jpeg\" alt=\"\" class=\"wp-image-43469\" style=\"width:272px;height:auto\" srcset=\"https:\/\/elmercuriomanta.ec\/wp-content\/uploads\/2025\/05\/WhatsApp-Image-2025-05-16-at-17.33.39-839x1024.jpeg 839w, https:\/\/elmercuriomanta.ec\/wp-content\/uploads\/2025\/05\/WhatsApp-Image-2025-05-16-at-17.33.39-246x300.jpeg 246w, https:\/\/elmercuriomanta.ec\/wp-content\/uploads\/2025\/05\/WhatsApp-Image-2025-05-16-at-17.33.39-768x937.jpeg 768w, https:\/\/elmercuriomanta.ec\/wp-content\/uploads\/2025\/05\/WhatsApp-Image-2025-05-16-at-17.33.39.jpeg 1049w\" sizes=\"(max-width: 839px) 100vw, 839px\" \/><\/figure>\n\n\n\n<p>Los moradores de las calles 10 de Agosto y Febres Cordero, en\u00a0<strong>Jipijapa<\/strong>, provincia de<strong>\u00a0Manab\u00ed<\/strong>, est\u00e1n consternados luego del incendio de la gruta del\u00a0<strong>Divino Ni\u00f1o<\/strong>, un lugar emblem\u00e1tico para la comunidad cat\u00f3lica. El\u00a0<strong>hecho <\/strong>se registr\u00f3 en la madrugada de este viernes y las autoridades investigan un presunto acto intencional relacionado con el robo de ofrendas.<\/p>\n\n\n\n<p>Seg\u00fan los testimonios, el fuego se desat\u00f3 cuando todos dorm\u00edan, y se sospecha que desconocidos ingresaron al lugar con la intenci\u00f3n de sustraer el<strong>\u00a0dinero<\/strong>\u00a0y objetos de valor que los\u00a0<strong>fieles<\/strong>\u00a0depositan como ofrendas. La imagen del\u00a0<strong>Divino Ni\u00f1o<\/strong>\u00a0qued\u00f3  da\u00f1ada, generando indignaci\u00f3n entre los creyentes.<\/p>\n\n\n\n<p>A pesar de que el\u00a0<strong>Cuerpo de Bomberos de Jipijapa<\/strong>\u00a0lleg\u00f3 al lugar para sofocar las llamas, no fue suficiente para salvar la estructura ni la\u00a0<strong>imagen sagrada<\/strong>, que termin\u00f3 <strong>chamuscada<\/strong>. <\/p>\n\n\n\n<p>Los bomberos descartaron que el incendio fuera causado por un cortocircuito, por lo que, <strong>el fuego fue provocado<\/strong>\u00a0intencionalmente.<\/p>\n\n\n\n<p>La comunidad exige a las autoridades una investigaci\u00f3n exhaustiva para dar con los responsables.<\/p>\n","protected":false},"excerpt":{"rendered":"<p>Los moradores de las calles 10 de Agosto y Febres Cordero, en\u00a0Jipijapa, provincia de\u00a0Manab\u00ed, est\u00e1n consternados luego del incendio de la gruta del\u00a0Divino Ni\u00f1o, un lugar emblem\u00e1tico para la comunidad cat\u00f3lica. El\u00a0hecho se registr\u00f3 en la madrugada de este viernes y las autoridades investigan un presunto acto intencional relacionado con el robo de ofrendas.<\/p>\n","protected":false},"author":14,"featured_media":43469,"comment_status":"open","ping_status":"open","sticky":false,"template":"","format":"standard","meta":{"footnotes":""},"categories":[1],"tags":[],"class_list":["post-43468","post","type-post","status-publish","format-standard","has-post-thumbnail","hentry","category-uncategorized"],"_links":{"self":[{"href":"https:\/\/elmercuriomanta.ec\/index.php\/wp-json\/wp\/v2\/posts\/43468","targetHints":{"allow":["GET"]}}],"collection":[{"href":"https:\/\/elmercuriomanta.ec\/index.php\/wp-json\/wp\/v2\/posts"}],"about":[{"href":"https:\/\/elmercuriomanta.ec\/index.php\/wp-json\/wp\/v2\/types\/post"}],"author":[{"embeddable":true,"href":"https:\/\/elmercuriomanta.ec\/index.php\/wp-json\/wp\/v2\/users\/14"}],"replies":[{"embeddable":true,"href":"https:\/\/elmercuriomanta.ec\/index.php\/wp-json\/wp\/v2\/comments?post=43468"}],"version-history":[{"count":1,"href":"https:\/\/elmercuriomanta.ec\/index.php\/wp-json\/wp\/v2\/posts\/43468\/revisions"}],"predecessor-version":[{"id":43470,"href":"https:\/\/elmercuriomanta.ec\/index.php\/wp-json\/wp\/v2\/posts\/43468\/revisions\/43470"}],"wp:featuredmedia":[{"embeddable":true,"href":"https:\/\/elmercuriomanta.ec\/index.php\/wp-json\/wp\/v2\/media\/43469"}],"wp:attachment":[{"href":"https:\/\/elmercuriomanta.ec\/index.php\/wp-json\/wp\/v2\/media?parent=43468"}],"wp:term":[{"taxonomy":"category","embeddable":true,"href":"https:\/\/elmercuriomanta.ec\/index.php\/wp-json\/wp\/v2\/categories?post=43468"},{"taxonomy":"post_tag","embeddable":true,"href":"https:\/\/elmercuriomanta.ec\/index.php\/wp-json\/wp\/v2\/tags?post=43468"}],"curies":[{"name":"wp","href":"https:\/\/api.w.org\/{rel}","templated":true}]}}