{"id":43452,"date":"2025-05-16T16:14:41","date_gmt":"2025-05-16T21:14:41","guid":{"rendered":"https:\/\/elmercuriomanta.ec\/?p=43452"},"modified":"2025-05-16T16:14:41","modified_gmt":"2025-05-16T21:14:41","slug":"cambio-en-el-cordicom-cesar-martin-moreno-reemplaza-a-jeannine-cruz-quien-es-el-nuevo-presidente","status":"publish","type":"post","link":"https:\/\/elmercuriomanta.ec\/index.php\/2025\/05\/16\/cambio-en-el-cordicom-cesar-martin-moreno-reemplaza-a-jeannine-cruz-quien-es-el-nuevo-presidente\/","title":{"rendered":"Cambio en el Cordicom: C\u00e9sar Mart\u00edn Moreno reemplaza a Jeannine Cruz, \u00bfqui\u00e9n es el nuevo presidente?"},"content":{"rendered":"\n<figure class=\"wp-block-image aligncenter size-full is-resized\"><img fetchpriority=\"high\" decoding=\"async\" width=\"832\" height=\"468\" src=\"https:\/\/elmercuriomanta.ec\/wp-content\/uploads\/2025\/05\/image-241.png\" alt=\"\" class=\"wp-image-43465\" style=\"width:502px;height:auto\" srcset=\"https:\/\/elmercuriomanta.ec\/wp-content\/uploads\/2025\/05\/image-241.png 832w, https:\/\/elmercuriomanta.ec\/wp-content\/uploads\/2025\/05\/image-241-300x169.png 300w, https:\/\/elmercuriomanta.ec\/wp-content\/uploads\/2025\/05\/image-241-768x432.png 768w\" sizes=\"(max-width: 832px) 100vw, 832px\" \/><\/figure>\n\n\n\n<p>El Consejo de Comunicaci\u00f3n (Cordicom) tiene nueva autoridad. El exministro de Telecomunicaciones, C\u00e9sar Antonio Mart\u00edn Moreno, es el nuevo presidente de este organismo,quien reemplaza a Jeannine Cruz, exasamble\u00edsta.<br><\/p>\n\n\n\n<p>Este 15 de mayo de 2025,el presidente Daniel Noboa firm\u00f3 el Decreto Ejecutivo 629 .<\/p>\n\n\n\n<p>Jeannine Cruz, comunicadora de profesi\u00f3n, estuvo al frente de este organismo desde junio de 2021, cuando fue nombrada por el entonces presidente, Guillermo Lasso, y luego fue ratificada por Noboa.<br><\/p>\n\n\n\n<p>Mediante un comunicado, Cruz agradeci\u00f3 el respaldo por parte de distintos sectores a su gesti\u00f3n y augur\u00f3 \u00e9xitos al nuevo funcionario.\u00a0\u00abTermino esta etapa, marcada por el esfuerzo conjunto y logros significativos, y es momento de dar paso a nuevos liderazgos\u00bb, dijo.<\/p>\n\n\n\n<figure class=\"wp-block-embed is-type-rich is-provider-twitter wp-block-embed-twitter\"><div class=\"wp-block-embed__wrapper\">\n<blockquote class=\"twitter-tweet\" data-width=\"550\" data-dnt=\"true\"><p lang=\"zxx\" dir=\"ltr\"><a href=\"https:\/\/t.co\/B89cXu5vf7\">pic.twitter.com\/B89cXu5vf7<\/a><\/p>&mdash; Jeannine Cruz (@Jeanninecruzz) <a href=\"https:\/\/twitter.com\/Jeanninecruzz\/status\/1923149590678659092?ref_src=twsrc%5Etfw\">May 15, 2025<\/a><\/blockquote><script async src=\"https:\/\/platform.twitter.com\/widgets.js\" charset=\"utf-8\"><\/script>\n<\/div><\/figure>\n\n\n\n<p><br>Mart\u00edn, quien fue relevado en el Ministerio por Roberto Kury, tiene trayectoria en los \u00e1mbitos acad\u00e9mico, profesional y p\u00fablico.<\/p>\n\n\n\n<p>En el \u00e1mbito acad\u00e9mico, ha ejercido la docencia universitaria durante m\u00e1s de 27 a\u00f1os en la ESPOL, impartiendo c\u00e1tedra en \u00e1reas de ingenier\u00eda y administraci\u00f3n de empresas. Tambi\u00e9n se desempe\u00f1\u00f3 como docente en la Universidad Esp\u00edritu Santo (UEES), entre los a\u00f1os 2007 y 2012.<\/p>\n\n\n\n<p>Su experiencia profesional incluye una d\u00e9cada de labor en el sector industrial. En el \u00e1mbito p\u00fablico, se desempe\u00f1\u00f3 como Ministro de Telecomunicaciones, desde donde lider\u00f3 importantes procesos orientados al fortalecimiento institucional y a la modernizaci\u00f3n de las pol\u00edticas p\u00fablicas en el \u00e1mbito tecnol\u00f3gico y digital, destac\u00f3 Cordicom en un comunicado.<br><\/p>\n","protected":false},"excerpt":{"rendered":"<p>El Consejo de Comunicaci\u00f3n (Cordicom) tiene nueva autoridad. El exministro de Telecomunicaciones, C\u00e9sar Antonio Mart\u00edn Moreno, es el nuevo presidente de este organismo,quien reemplaza a Jeannine Cruz, exasamble\u00edsta.<\/p>\n","protected":false},"author":14,"featured_media":43465,"comment_status":"open","ping_status":"open","sticky":false,"template":"","format":"standard","meta":{"footnotes":""},"categories":[21,1],"tags":[23],"class_list":["post-43452","post","type-post","status-publish","format-standard","has-post-thumbnail","hentry","category-noticia-del-dia","category-uncategorized","tag-ecuador"],"_links":{"self":[{"href":"https:\/\/elmercuriomanta.ec\/index.php\/wp-json\/wp\/v2\/posts\/43452","targetHints":{"allow":["GET"]}}],"collection":[{"href":"https:\/\/elmercuriomanta.ec\/index.php\/wp-json\/wp\/v2\/posts"}],"about":[{"href":"https:\/\/elmercuriomanta.ec\/index.php\/wp-json\/wp\/v2\/types\/post"}],"author":[{"embeddable":true,"href":"https:\/\/elmercuriomanta.ec\/index.php\/wp-json\/wp\/v2\/users\/14"}],"replies":[{"embeddable":true,"href":"https:\/\/elmercuriomanta.ec\/index.php\/wp-json\/wp\/v2\/comments?post=43452"}],"version-history":[{"count":1,"href":"https:\/\/elmercuriomanta.ec\/index.php\/wp-json\/wp\/v2\/posts\/43452\/revisions"}],"predecessor-version":[{"id":43466,"href":"https:\/\/elmercuriomanta.ec\/index.php\/wp-json\/wp\/v2\/posts\/43452\/revisions\/43466"}],"wp:featuredmedia":[{"embeddable":true,"href":"https:\/\/elmercuriomanta.ec\/index.php\/wp-json\/wp\/v2\/media\/43465"}],"wp:attachment":[{"href":"https:\/\/elmercuriomanta.ec\/index.php\/wp-json\/wp\/v2\/media?parent=43452"}],"wp:term":[{"taxonomy":"category","embeddable":true,"href":"https:\/\/elmercuriomanta.ec\/index.php\/wp-json\/wp\/v2\/categories?post=43452"},{"taxonomy":"post_tag","embeddable":true,"href":"https:\/\/elmercuriomanta.ec\/index.php\/wp-json\/wp\/v2\/tags?post=43452"}],"curies":[{"name":"wp","href":"https:\/\/api.w.org\/{rel}","templated":true}]}}