{"id":43066,"date":"2025-05-12T12:21:57","date_gmt":"2025-05-12T17:21:57","guid":{"rendered":"https:\/\/elmercuriomanta.ec\/?p=43066"},"modified":"2025-05-12T12:21:57","modified_gmt":"2025-05-12T17:21:57","slug":"ojo-viajeros-ecuador-exige-desde-hoy-carnet-de-vacunacion-contra-la-fiebre-amarilla-a-quienes-lleguen-de-bolivia-brasil-peru-o-colombia","status":"publish","type":"post","link":"https:\/\/elmercuriomanta.ec\/index.php\/2025\/05\/12\/ojo-viajeros-ecuador-exige-desde-hoy-carnet-de-vacunacion-contra-la-fiebre-amarilla-a-quienes-lleguen-de-bolivia-brasil-peru-o-colombia\/","title":{"rendered":"\u00a1Ojo, viajeros! Ecuador exige desde hoy carnet de vacunaci\u00f3n contra la fiebre amarilla a quienes lleguen de Bolivia, Brasil, Per\u00fa o Colombia"},"content":{"rendered":"\n<figure class=\"wp-block-image aligncenter size-full is-resized\"><img fetchpriority=\"high\" decoding=\"async\" width=\"1024\" height=\"683\" src=\"https:\/\/elmercuriomanta.ec\/wp-content\/uploads\/2025\/05\/image-168.png\" alt=\"\" class=\"wp-image-43080\" style=\"width:451px;height:auto\" srcset=\"https:\/\/elmercuriomanta.ec\/wp-content\/uploads\/2025\/05\/image-168.png 1024w, https:\/\/elmercuriomanta.ec\/wp-content\/uploads\/2025\/05\/image-168-300x200.png 300w, https:\/\/elmercuriomanta.ec\/wp-content\/uploads\/2025\/05\/image-168-768x512.png 768w\" sizes=\"(max-width: 1024px) 100vw, 1024px\" \/><\/figure>\n\n\n\n<p> Desde este lunes 12 de mayo Ecuador exigir\u00e1 el certificado de vacunaci\u00f3n contra la fiebre amarilla a los viajeros procedentes de Colombia, Brasil, Per\u00fa y Bolivia.<\/p>\n\n\n\n<p><br>En una publicaci\u00f3n El Ministerio del Interior record\u00f3 que se trata de un \u201crequisito de ingreso\u201d a todos quienes lleguen de los cuatro pa\u00edses mencionados. <\/p>\n\n\n\n<figure class=\"wp-block-embed is-type-rich is-provider-twitter wp-block-embed-twitter\"><div class=\"wp-block-embed__wrapper\">\n<blockquote class=\"twitter-tweet\" data-width=\"550\" data-dnt=\"true\"><p lang=\"es\" dir=\"ltr\">Si vas a viajar a la Amazon\u00eda o a un pa\u00eds end\u00e9mico, recuerda que debes estar vacunado contra la Fiebre Amarilla.<br><br>Vac\u00fanate 10 d\u00edas antes de tu partida.<br><br>LAS VACUNAS SON GRATUITAS \ud83d\udc89.<a href=\"https:\/\/twitter.com\/hashtag\/ElNuevoEcuador?src=hash&amp;ref_src=twsrc%5Etfw\">#ElNuevoEcuador<\/a> \ud83c\uddea\ud83c\udde8 <a href=\"https:\/\/t.co\/gNkpbkSj9u\">pic.twitter.com\/gNkpbkSj9u<\/a><\/p>&mdash; Ministerio de Salud P\u00fablica \ud83c\uddea\ud83c\udde8 (@Salud_Ec) <a href=\"https:\/\/twitter.com\/Salud_Ec\/status\/1921558411550020090?ref_src=twsrc%5Etfw\">May 11, 2025<\/a><\/blockquote><script async src=\"https:\/\/platform.twitter.com\/widgets.js\" charset=\"utf-8\"><\/script>\n<\/div><\/figure>\n\n\n\n<p>En Ecuador se registran cuatro casos de fiebre amarilla: tres en la provincia de Zamora Chinchipe, donde recientemente falleci\u00f3 un primer contagiado, y uno en Morona Santiago, ambas localidades amaz\u00f3nicas fronterizas con Per\u00fa.<br><\/p>\n\n\n\n<p>Esta enfermedad viral, que se transmite a trav\u00e9s de la picadura de mosquitos, puede afectar tanto a humanos como a primates. En su fase t\u00f3xica, presenta complicaciones graves como fallo hep\u00e1tico, hemorragias e incluso la muerte.<br><\/p>\n","protected":false},"excerpt":{"rendered":"<p> Desde este lunes 12 de mayo Ecuador exigir\u00e1 el certificado de vacunaci\u00f3n contra la fiebre amarilla a los viajeros procedentes de Colombia, Brasil, Per\u00fa y Bolivia.<\/p>\n","protected":false},"author":14,"featured_media":43080,"comment_status":"open","ping_status":"open","sticky":false,"template":"","format":"standard","meta":{"footnotes":""},"categories":[19,83,1],"tags":[23],"class_list":["post-43066","post","type-post","status-publish","format-standard","has-post-thumbnail","hentry","category-portada-1","category-sucesos","category-uncategorized","tag-ecuador"],"_links":{"self":[{"href":"https:\/\/elmercuriomanta.ec\/index.php\/wp-json\/wp\/v2\/posts\/43066","targetHints":{"allow":["GET"]}}],"collection":[{"href":"https:\/\/elmercuriomanta.ec\/index.php\/wp-json\/wp\/v2\/posts"}],"about":[{"href":"https:\/\/elmercuriomanta.ec\/index.php\/wp-json\/wp\/v2\/types\/post"}],"author":[{"embeddable":true,"href":"https:\/\/elmercuriomanta.ec\/index.php\/wp-json\/wp\/v2\/users\/14"}],"replies":[{"embeddable":true,"href":"https:\/\/elmercuriomanta.ec\/index.php\/wp-json\/wp\/v2\/comments?post=43066"}],"version-history":[{"count":1,"href":"https:\/\/elmercuriomanta.ec\/index.php\/wp-json\/wp\/v2\/posts\/43066\/revisions"}],"predecessor-version":[{"id":43081,"href":"https:\/\/elmercuriomanta.ec\/index.php\/wp-json\/wp\/v2\/posts\/43066\/revisions\/43081"}],"wp:featuredmedia":[{"embeddable":true,"href":"https:\/\/elmercuriomanta.ec\/index.php\/wp-json\/wp\/v2\/media\/43080"}],"wp:attachment":[{"href":"https:\/\/elmercuriomanta.ec\/index.php\/wp-json\/wp\/v2\/media?parent=43066"}],"wp:term":[{"taxonomy":"category","embeddable":true,"href":"https:\/\/elmercuriomanta.ec\/index.php\/wp-json\/wp\/v2\/categories?post=43066"},{"taxonomy":"post_tag","embeddable":true,"href":"https:\/\/elmercuriomanta.ec\/index.php\/wp-json\/wp\/v2\/tags?post=43066"}],"curies":[{"name":"wp","href":"https:\/\/api.w.org\/{rel}","templated":true}]}}