{"id":43049,"date":"2025-05-12T10:09:11","date_gmt":"2025-05-12T15:09:11","guid":{"rendered":"https:\/\/elmercuriomanta.ec\/?p=43049"},"modified":"2025-05-12T11:02:49","modified_gmt":"2025-05-12T16:02:49","slug":"trabajadores-municipales-sin-sueldo-ni-herramientas-no-hay-ni-escobas","status":"publish","type":"post","link":"https:\/\/elmercuriomanta.ec\/index.php\/2025\/05\/12\/trabajadores-municipales-sin-sueldo-ni-herramientas-no-hay-ni-escobas\/","title":{"rendered":"Trabajadores municipales sin sueldo ni herramientas: \u201cNo hay ni escobas\u00bb"},"content":{"rendered":"\n<div class=\"wp-block-columns is-layout-flex wp-container-core-columns-is-layout-28f84493 wp-block-columns-is-layout-flex\">\n<div class=\"wp-block-column is-layout-flow wp-block-column-is-layout-flow\">\n<figure class=\"wp-block-image size-full is-resized\"><img fetchpriority=\"high\" decoding=\"async\" width=\"619\" height=\"714\" src=\"https:\/\/elmercuriomanta.ec\/wp-content\/uploads\/2025\/05\/WhatsApp-Image-2025-05-12-at-11.00.33.jpeg\" alt=\"\" class=\"wp-image-43060\" style=\"width:205px;height:auto\" srcset=\"https:\/\/elmercuriomanta.ec\/wp-content\/uploads\/2025\/05\/WhatsApp-Image-2025-05-12-at-11.00.33.jpeg 619w, https:\/\/elmercuriomanta.ec\/wp-content\/uploads\/2025\/05\/WhatsApp-Image-2025-05-12-at-11.00.33-260x300.jpeg 260w\" sizes=\"(max-width: 619px) 100vw, 619px\" \/><\/figure>\n<\/div>\n\n\n\n<div class=\"wp-block-column is-layout-flow wp-block-column-is-layout-flow\">\n<figure class=\"wp-block-image size-full is-resized\"><img decoding=\"async\" width=\"588\" height=\"685\" src=\"https:\/\/elmercuriomanta.ec\/wp-content\/uploads\/2025\/05\/WhatsApp-Image-2025-05-12-at-11.00.49.jpeg\" alt=\"\" class=\"wp-image-43061\" style=\"width:197px;height:auto\" srcset=\"https:\/\/elmercuriomanta.ec\/wp-content\/uploads\/2025\/05\/WhatsApp-Image-2025-05-12-at-11.00.49.jpeg 588w, https:\/\/elmercuriomanta.ec\/wp-content\/uploads\/2025\/05\/WhatsApp-Image-2025-05-12-at-11.00.49-258x300.jpeg 258w\" sizes=\"(max-width: 588px) 100vw, 588px\" \/><\/figure>\n<\/div>\n<\/div>\n\n\n\n<p>Este lunes, decenas de obreros del Municipio de Manta se concentraron en los exteriores de la instituci\u00f3n para exigir el pago de sus salarios atrasados. Aseguran que ya suman dos meses sin recibir sus sueldos y que est\u00e1 por cumplirse un tercero.<\/p>\n\n\n\n<p>La medida de paralizaci\u00f3n responde a la cr\u00edtica situaci\u00f3n econ\u00f3mica que enfrentan los trabajadores, quienes, adem\u00e1s, denuncian la falta de insumos y herramientas para desempe\u00f1ar sus funciones.<\/p>\n\n\n\n<p>\u201cEso de la basura acumulada es muy desgastante, tanto para el ciudadano como para nosotros. He tenido que recoger esos mont\u00edculos y cr\u00e9ame que es terrible. No hay suficientes recolectores ni personal, y cuando los tachos se rebosan, la basura se riega. Incluso ya se est\u00e1n robando algunos de esos recolectores\u201d, lament\u00f3 uno de los obreros.<\/p>\n\n\n\n<p>Otro trabajador expres\u00f3 con indignaci\u00f3n: \u201cQueremos que nos paguen los dos meses completos. Ya casi vamos para tres meses sin sueldo. Tenemos deudas, hijos que mantener\u2026 ni siquiera pudimos celebrar el D\u00eda de la Madre como se debe. El seguro social tambi\u00e9n nos debe ocho meses y no podemos acceder a pr\u00e9stamos, solo hay convenios\u201d.<\/p>\n\n\n\n<p>A la crisis salarial se suma la escasez de materiales de trabajo. \u201cNo hay escobas, no hay l\u00e1mparas. Nadie puede trabajar as\u00ed. Si nos pagan, trabajamos, pero ya no tenemos ni cr\u00e9dito en las tiendas\u201d, agreg\u00f3 el obrero.<\/p>\n\n\n\n<p>Roberto Vera, secretario general de los trabajadores, hizo un llamado a las autoridades municipales para que atiendan la situaci\u00f3n. \u201cEsto es una concientizaci\u00f3n sobre la realidad que viven los trabajadores. No queremos causar molestias, pero no hay otro camino. Pedimos hablar con la Alcaldesa. Quieren crear empresas p\u00fablicas, pero ya vemos los problemas que tiene Movilidad, donde tampoco les pagan. \u00bfHasta cu\u00e1ndo debemos seguir esperando? Detr\u00e1s de cada trabajador hay una familia\u201d.<\/p>\n\n\n\n<p><\/p>\n","protected":false},"excerpt":{"rendered":"<p>Este lunes, decenas de obreros del Municipio de Manta se concentraron en los exteriores de la instituci\u00f3n para exigir el pago de sus salarios atrasados. Aseguran que ya suman dos meses sin recibir sus sueldos y que est\u00e1 por cumplirse un tercero.<\/p>\n","protected":false},"author":14,"featured_media":43061,"comment_status":"open","ping_status":"open","sticky":false,"template":"","format":"standard","meta":{"footnotes":""},"categories":[20,83,1],"tags":[38],"class_list":["post-43049","post","type-post","status-publish","format-standard","has-post-thumbnail","hentry","category-portada-2","category-sucesos","category-uncategorized","tag-manta"],"_links":{"self":[{"href":"https:\/\/elmercuriomanta.ec\/index.php\/wp-json\/wp\/v2\/posts\/43049","targetHints":{"allow":["GET"]}}],"collection":[{"href":"https:\/\/elmercuriomanta.ec\/index.php\/wp-json\/wp\/v2\/posts"}],"about":[{"href":"https:\/\/elmercuriomanta.ec\/index.php\/wp-json\/wp\/v2\/types\/post"}],"author":[{"embeddable":true,"href":"https:\/\/elmercuriomanta.ec\/index.php\/wp-json\/wp\/v2\/users\/14"}],"replies":[{"embeddable":true,"href":"https:\/\/elmercuriomanta.ec\/index.php\/wp-json\/wp\/v2\/comments?post=43049"}],"version-history":[{"count":3,"href":"https:\/\/elmercuriomanta.ec\/index.php\/wp-json\/wp\/v2\/posts\/43049\/revisions"}],"predecessor-version":[{"id":43077,"href":"https:\/\/elmercuriomanta.ec\/index.php\/wp-json\/wp\/v2\/posts\/43049\/revisions\/43077"}],"wp:featuredmedia":[{"embeddable":true,"href":"https:\/\/elmercuriomanta.ec\/index.php\/wp-json\/wp\/v2\/media\/43061"}],"wp:attachment":[{"href":"https:\/\/elmercuriomanta.ec\/index.php\/wp-json\/wp\/v2\/media?parent=43049"}],"wp:term":[{"taxonomy":"category","embeddable":true,"href":"https:\/\/elmercuriomanta.ec\/index.php\/wp-json\/wp\/v2\/categories?post=43049"},{"taxonomy":"post_tag","embeddable":true,"href":"https:\/\/elmercuriomanta.ec\/index.php\/wp-json\/wp\/v2\/tags?post=43049"}],"curies":[{"name":"wp","href":"https:\/\/api.w.org\/{rel}","templated":true}]}}