{"id":42887,"date":"2025-05-09T11:05:33","date_gmt":"2025-05-09T16:05:33","guid":{"rendered":"https:\/\/elmercuriomanta.ec\/?p=42887"},"modified":"2025-05-09T11:18:35","modified_gmt":"2025-05-09T16:18:35","slug":"capturan-en-argentina-a-padre-acusado-de-violar-a-su-hija-tenia-alerta-roja-de-interpol-y-sera-extraditado","status":"publish","type":"post","link":"https:\/\/elmercuriomanta.ec\/index.php\/2025\/05\/09\/capturan-en-argentina-a-padre-acusado-de-violar-a-su-hija-tenia-alerta-roja-de-interpol-y-sera-extraditado\/","title":{"rendered":"Capturan en Argentina a padre acusado de violar a su hija: ten\u00eda alerta roja de Interpol y ser\u00e1 extraditado"},"content":{"rendered":"\n<figure class=\"wp-block-image aligncenter size-large is-resized\"><img fetchpriority=\"high\" decoding=\"async\" width=\"1024\" height=\"576\" src=\"https:\/\/elmercuriomanta.ec\/wp-content\/uploads\/2025\/05\/WhatsApp-Image-2025-05-08-at-18.59.56-1024x576.jpeg\" alt=\"\" class=\"wp-image-42889\" style=\"width:363px;height:auto\" srcset=\"https:\/\/elmercuriomanta.ec\/wp-content\/uploads\/2025\/05\/WhatsApp-Image-2025-05-08-at-18.59.56-1024x576.jpeg 1024w, https:\/\/elmercuriomanta.ec\/wp-content\/uploads\/2025\/05\/WhatsApp-Image-2025-05-08-at-18.59.56-300x169.jpeg 300w, https:\/\/elmercuriomanta.ec\/wp-content\/uploads\/2025\/05\/WhatsApp-Image-2025-05-08-at-18.59.56-768x432.jpeg 768w, https:\/\/elmercuriomanta.ec\/wp-content\/uploads\/2025\/05\/WhatsApp-Image-2025-05-08-at-18.59.56-1536x864.jpeg 1536w, https:\/\/elmercuriomanta.ec\/wp-content\/uploads\/2025\/05\/WhatsApp-Image-2025-05-08-at-18.59.56.jpeg 1599w\" sizes=\"(max-width: 1024px) 100vw, 1024px\" \/><\/figure>\n\n\n\n<p>La Polic\u00eda Nacional del Ecuador, en coordinaci\u00f3n con la INTERPOL, ejecut\u00f3 con \u00e9xito la operaci\u00f3n \u201cEl Pacto 2.0\u201d, que culmin\u00f3 con la detenci\u00f3n de un ciudadano requerido con fines de extradici\u00f3n activa por un grave caso de violencia sexual intrafamiliar.<\/p>\n\n\n\n<p>Seg\u00fan la denuncia presentada por una ciudadana, su hija menor de edad fue v\u00edctima de m\u00faltiples agresiones sexuales por parte de su padre, quien la amenazaba con un cuchillo para silenciarla y evitar que contara lo ocurrido a su madre. Ante la gravedad de los hechos, la Polic\u00eda activ\u00f3 de inmediato los protocolos de protecci\u00f3n para v\u00edctimas de violencia sexual.<\/p>\n\n\n\n<figure class=\"wp-block-embed is-type-rich is-provider-twitter wp-block-embed-twitter\"><div class=\"wp-block-embed__wrapper\">\n<blockquote class=\"twitter-tweet\" data-width=\"550\" data-dnt=\"true\"><p lang=\"es\" dir=\"ltr\"><a href=\"https:\/\/twitter.com\/hashtag\/IMPORTANTE?src=hash&amp;ref_src=twsrc%5Etfw\">#IMPORTANTE<\/a> ||<br><br>DETENCI\u00d3N CON FINES DE EXTRADICI\u00d3N DE ANDR\u00c9S S., QUIEN TIENE NOTIFICACI\u00d3N ROJA DE <a href=\"https:\/\/twitter.com\/hashtag\/INTERPOL?src=hash&amp;ref_src=twsrc%5Etfw\">#INTERPOL<\/a><br><br>Labores coordinadas con nuestra similar de <a href=\"https:\/\/twitter.com\/INTERPOL_HQ?ref_src=twsrc%5Etfw\">@INTERPOL_HQ<\/a> en <a href=\"https:\/\/twitter.com\/hashtag\/Argentina?src=hash&amp;ref_src=twsrc%5Etfw\">#Argentina<\/a> en el marco del apoyo de  PACCTO 2.0, dejaron como resultado la detenci\u00f3n con fines de extracci\u00f3n de\u2026 <a href=\"https:\/\/t.co\/LB4PVooaAN\">pic.twitter.com\/LB4PVooaAN<\/a><\/p>&mdash; Polic\u00eda Ecuador (@PoliciaEcuador) <a href=\"https:\/\/twitter.com\/PoliciaEcuador\/status\/1920658072034230782?ref_src=twsrc%5Etfw\">May 9, 2025<\/a><\/blockquote><script async src=\"https:\/\/platform.twitter.com\/widgets.js\" charset=\"utf-8\"><\/script>\n<\/div><\/figure>\n\n\n\n<p>Gracias al trabajo conjunto con la INTERPOL-Buenos Aires, se logr\u00f3 la localizaci\u00f3n y captura del sospechoso, identificado como Andr\u00e9s S., quien contaba con una Notificaci\u00f3n Roja de Interpol.<\/p>\n\n\n\n<p>La Polic\u00eda Nacional reafirm\u00f3 su compromiso con la protecci\u00f3n de ni\u00f1as, ni\u00f1os y adolescentes, y su lucha constante contra toda forma de violencia, garantizando la justicia y la seguridad de todos los ecuatorianos.<\/p>\n\n\n\n<p><\/p>\n","protected":false},"excerpt":{"rendered":"<p>La Polic\u00eda Nacional del Ecuador, en coordinaci\u00f3n con la INTERPOL, ejecut\u00f3 con \u00e9xito la operaci\u00f3n \u201cEl Pacto 2.0\u201d, que culmin\u00f3 con la detenci\u00f3n de un ciudadano requerido con fines de extradici\u00f3n activa por un grave caso de violencia sexual intrafamiliar.<\/p>\n","protected":false},"author":14,"featured_media":42889,"comment_status":"open","ping_status":"open","sticky":false,"template":"","format":"standard","meta":{"footnotes":""},"categories":[16,1],"tags":[91],"class_list":["post-42887","post","type-post","status-publish","format-standard","has-post-thumbnail","hentry","category-cronica","category-uncategorized","tag-cronica"],"_links":{"self":[{"href":"https:\/\/elmercuriomanta.ec\/index.php\/wp-json\/wp\/v2\/posts\/42887","targetHints":{"allow":["GET"]}}],"collection":[{"href":"https:\/\/elmercuriomanta.ec\/index.php\/wp-json\/wp\/v2\/posts"}],"about":[{"href":"https:\/\/elmercuriomanta.ec\/index.php\/wp-json\/wp\/v2\/types\/post"}],"author":[{"embeddable":true,"href":"https:\/\/elmercuriomanta.ec\/index.php\/wp-json\/wp\/v2\/users\/14"}],"replies":[{"embeddable":true,"href":"https:\/\/elmercuriomanta.ec\/index.php\/wp-json\/wp\/v2\/comments?post=42887"}],"version-history":[{"count":3,"href":"https:\/\/elmercuriomanta.ec\/index.php\/wp-json\/wp\/v2\/posts\/42887\/revisions"}],"predecessor-version":[{"id":42894,"href":"https:\/\/elmercuriomanta.ec\/index.php\/wp-json\/wp\/v2\/posts\/42887\/revisions\/42894"}],"wp:featuredmedia":[{"embeddable":true,"href":"https:\/\/elmercuriomanta.ec\/index.php\/wp-json\/wp\/v2\/media\/42889"}],"wp:attachment":[{"href":"https:\/\/elmercuriomanta.ec\/index.php\/wp-json\/wp\/v2\/media?parent=42887"}],"wp:term":[{"taxonomy":"category","embeddable":true,"href":"https:\/\/elmercuriomanta.ec\/index.php\/wp-json\/wp\/v2\/categories?post=42887"},{"taxonomy":"post_tag","embeddable":true,"href":"https:\/\/elmercuriomanta.ec\/index.php\/wp-json\/wp\/v2\/tags?post=42887"}],"curies":[{"name":"wp","href":"https:\/\/api.w.org\/{rel}","templated":true}]}}