{"id":42837,"date":"2025-05-08T16:42:16","date_gmt":"2025-05-08T21:42:16","guid":{"rendered":"https:\/\/elmercuriomanta.ec\/?p=42837"},"modified":"2025-05-08T17:03:16","modified_gmt":"2025-05-08T22:03:16","slug":"concejales-de-manta-exigen-a-la-alcaldesa-que-se-paguen-los-sueldos-y-haberes-municipales-atrasados","status":"publish","type":"post","link":"https:\/\/elmercuriomanta.ec\/index.php\/2025\/05\/08\/concejales-de-manta-exigen-a-la-alcaldesa-que-se-paguen-los-sueldos-y-haberes-municipales-atrasados\/","title":{"rendered":"Concejales de Manta exigen a la Alcaldesa que se paguen los sueldos y haberes Municipales atrasados"},"content":{"rendered":"\n<figure class=\"wp-block-image aligncenter size-large is-resized\"><img fetchpriority=\"high\" decoding=\"async\" width=\"1024\" height=\"805\" src=\"https:\/\/elmercuriomanta.ec\/wp-content\/uploads\/2025\/05\/WhatsApp-Image-2025-05-08-at-16.57.23-1024x805.jpeg\" alt=\"\" class=\"wp-image-42841\" style=\"width:459px;height:auto\" srcset=\"https:\/\/elmercuriomanta.ec\/wp-content\/uploads\/2025\/05\/WhatsApp-Image-2025-05-08-at-16.57.23-1024x805.jpeg 1024w, https:\/\/elmercuriomanta.ec\/wp-content\/uploads\/2025\/05\/WhatsApp-Image-2025-05-08-at-16.57.23-300x236.jpeg 300w, https:\/\/elmercuriomanta.ec\/wp-content\/uploads\/2025\/05\/WhatsApp-Image-2025-05-08-at-16.57.23-768x604.jpeg 768w, https:\/\/elmercuriomanta.ec\/wp-content\/uploads\/2025\/05\/WhatsApp-Image-2025-05-08-at-16.57.23.jpeg 1161w\" sizes=\"(max-width: 1024px) 100vw, 1024px\" \/><\/figure>\n\n\n\n<p>En un video difundido a trav\u00e9s de redes sociales, las concejalas Ingrid Bowen y Diana Flores, junto al concejal alterno de Estefan\u00eda Mac\u00edas, Daniel Laniz, han denunciado la cr\u00edtica situaci\u00f3n econ\u00f3mica que enfrentan los trabajadores del Municipio de Manta. Seg\u00fan los ediles, la falta de pago de sueldos a obreros, servidores, personal de nivel jer\u00e1rquico superior y de factura se ha vuelto insostenible, convirti\u00e9ndose en una lucha constante desde octubre de 2023.<\/p>\n\n\n\n<p>\u201cHasta la presente fecha, la administradora Municipal adeuda seis meses al personal de factura, cuatro meses al personal de nivel jer\u00e1rquico superior, tres meses al personal de la Ley Org\u00e1nica del Servicio P\u00fablico (Losep), y dos meses a nuestros obreros municipales\u201d, detall\u00f3 Laniz durante la declaraci\u00f3n. Los concejales han solicitado formalmente al Ministerio de Relaciones Laborales que se garantice el pago inmediato de los sueldos pendientes.<\/p>\n\n\n\n<p>Adem\u00e1s, los concejales han hecho un llamado a la Contralor\u00eda General del Estado, la Fiscal\u00eda General del Estado y la Defensor\u00eda del Pueblo para que se inicie una investigaci\u00f3n formal contra la alcaldesa de Manta, Marciana Valdivieso, as\u00ed como de todas las autoridades competentes del GAD Manta, por \u201cincumplimiento de obligaciones laborales\u201d. Tambi\u00e9n pidieron que se realice una auditor\u00eda especial sobre el uso y destino de los fondos p\u00fablicos destinados a sueldos, requiriendo sanciones administrativas, civiles o penales para los responsables.<\/p>\n\n\n\n<p>Video difundido a trav\u00e9s de redes sociales : <a href=\"https:\/\/www.instagram.com\/reel\/DJVXv9Zxj1Z\/?igsh=eWUzMmJvMm92cG9u\">https:\/\/www.instagram.com\/reel\/DJVXv9Zxj1Z\/?igsh=eWUzMmJvMm92cG9u<\/a><\/p>\n\n\n\n<p>\u201cComo concejales, m\u00e1s all\u00e1 de cumplir con nuestra labor de fiscalizadores, nos solidarizamos con nuestra familia municipal, en estos momentos donde existe tanta necesidad\u201d, expresaron los concejales, reafirmando su compromiso con los derechos de los trabajadores y la necesidad urgente de asegurar su bienestar econ\u00f3mico.<\/p>\n\n\n\n<p>La situaci\u00f3n ha generado gran preocupaci\u00f3n en la comunidad, y los concejales esperan que las autoridades tomen medidas inmediatas para resolver esta crisis, garantizando as\u00ed el cumplimiento de las obligaciones salariales y el bienestar de los empleados municipales.<\/p>\n\n\n\n<p><\/p>\n","protected":false},"excerpt":{"rendered":"<p>En un video difundido a trav\u00e9s de redes sociales, las concejalas Ingrid Bowen y Diana Flores, junto al concejal alterno de Estefan\u00eda Mac\u00edas, Daniel Laniz, han denunciado la cr\u00edtica situaci\u00f3n econ\u00f3mica que enfrentan los trabajadores del Municipio de Manta. Seg\u00fan los ediles, la falta de pago de sueldos a obreros, servidores, personal de nivel jer\u00e1rquico superior y de factura se ha vuelto insostenible, convirti\u00e9ndose en una lucha constante desde octubre de 2023.<\/p>\n","protected":false},"author":14,"featured_media":42841,"comment_status":"open","ping_status":"open","sticky":false,"template":"","format":"standard","meta":{"footnotes":""},"categories":[20,83,1],"tags":[23],"class_list":["post-42837","post","type-post","status-publish","format-standard","has-post-thumbnail","hentry","category-portada-2","category-sucesos","category-uncategorized","tag-ecuador"],"_links":{"self":[{"href":"https:\/\/elmercuriomanta.ec\/index.php\/wp-json\/wp\/v2\/posts\/42837","targetHints":{"allow":["GET"]}}],"collection":[{"href":"https:\/\/elmercuriomanta.ec\/index.php\/wp-json\/wp\/v2\/posts"}],"about":[{"href":"https:\/\/elmercuriomanta.ec\/index.php\/wp-json\/wp\/v2\/types\/post"}],"author":[{"embeddable":true,"href":"https:\/\/elmercuriomanta.ec\/index.php\/wp-json\/wp\/v2\/users\/14"}],"replies":[{"embeddable":true,"href":"https:\/\/elmercuriomanta.ec\/index.php\/wp-json\/wp\/v2\/comments?post=42837"}],"version-history":[{"count":3,"href":"https:\/\/elmercuriomanta.ec\/index.php\/wp-json\/wp\/v2\/posts\/42837\/revisions"}],"predecessor-version":[{"id":42843,"href":"https:\/\/elmercuriomanta.ec\/index.php\/wp-json\/wp\/v2\/posts\/42837\/revisions\/42843"}],"wp:featuredmedia":[{"embeddable":true,"href":"https:\/\/elmercuriomanta.ec\/index.php\/wp-json\/wp\/v2\/media\/42841"}],"wp:attachment":[{"href":"https:\/\/elmercuriomanta.ec\/index.php\/wp-json\/wp\/v2\/media?parent=42837"}],"wp:term":[{"taxonomy":"category","embeddable":true,"href":"https:\/\/elmercuriomanta.ec\/index.php\/wp-json\/wp\/v2\/categories?post=42837"},{"taxonomy":"post_tag","embeddable":true,"href":"https:\/\/elmercuriomanta.ec\/index.php\/wp-json\/wp\/v2\/tags?post=42837"}],"curies":[{"name":"wp","href":"https:\/\/api.w.org\/{rel}","templated":true}]}}