{"id":42743,"date":"2025-05-07T15:41:14","date_gmt":"2025-05-07T20:41:14","guid":{"rendered":"https:\/\/elmercuriomanta.ec\/?p=42743"},"modified":"2025-05-07T18:10:31","modified_gmt":"2025-05-07T23:10:31","slug":"basura-y-desesperanza-moradores-de-diferentes-sectores-de-manta-claman-por-limpieza-y-salud","status":"publish","type":"post","link":"https:\/\/elmercuriomanta.ec\/index.php\/2025\/05\/07\/basura-y-desesperanza-moradores-de-diferentes-sectores-de-manta-claman-por-limpieza-y-salud\/","title":{"rendered":"Basura y desesperanza: moradores de diferentes sectores de Manta claman por limpieza y salud"},"content":{"rendered":"\n<figure class=\"wp-block-image aligncenter size-large is-resized\"><img fetchpriority=\"high\" decoding=\"async\" width=\"698\" height=\"1024\" src=\"https:\/\/elmercuriomanta.ec\/wp-content\/uploads\/2025\/05\/WhatsApp-Image-2025-05-07-at-18.08.45-698x1024.jpeg\" alt=\"\" class=\"wp-image-42767\" style=\"width:148px;height:auto\" srcset=\"https:\/\/elmercuriomanta.ec\/wp-content\/uploads\/2025\/05\/WhatsApp-Image-2025-05-07-at-18.08.45-698x1024.jpeg 698w, https:\/\/elmercuriomanta.ec\/wp-content\/uploads\/2025\/05\/WhatsApp-Image-2025-05-07-at-18.08.45-205x300.jpeg 205w, https:\/\/elmercuriomanta.ec\/wp-content\/uploads\/2025\/05\/WhatsApp-Image-2025-05-07-at-18.08.45-768x1126.jpeg 768w, https:\/\/elmercuriomanta.ec\/wp-content\/uploads\/2025\/05\/WhatsApp-Image-2025-05-07-at-18.08.45.jpeg 873w\" sizes=\"(max-width: 698px) 100vw, 698px\" \/><\/figure>\n\n\n\n<p>La insatisfacci\u00f3n de los moradores de diferentes barrios en Manta crece debido a la falta de limpieza del r\u00edo y la ineficiencia en la recolecci\u00f3n de basura. Los residentes afirman que esta situaci\u00f3n no solo provoca malos olores, sino que tambi\u00e9n afecta la salud de la comunidad.<\/p>\n\n\n\n<p>Un morador el barrio Mar\u00eda Auxiliadora expres\u00f3 su descontento al se\u00f1alar que antes exist\u00edan m\u00e1s esfuerzos para mantener limpio el entorno. \u201cEs lamentable lo que est\u00e1 sucediendo, pr\u00e1cticamente no tenemos autoridades. No realizan limpieza ni obras, \u00bfqu\u00e9 podemos esperar con eso?\u201d, coment\u00f3 con visible desesperanza.<\/p>\n\n\n\n<p>La problem\u00e1tica se agrava con el escaso servicio de recolecci\u00f3n de basura, que solo pasa cada dos d\u00edas. Otro vecino a\u00f1adi\u00f3: \u201cUsted sabe que la comunidad es grande, y ese tacho no abastece. Si el Municipio ya tiene el dinero, que compre tres tachos m\u00e1s y que el recolector extienda su horario para evitar la expansi\u00f3n de enfermedades\u201d.<\/p>\n\n\n\n<figure class=\"wp-block-gallery has-nested-images columns-default is-cropped wp-block-gallery-1 is-layout-flex wp-block-gallery-is-layout-flex\">\n<figure class=\"wp-block-image size-large\"><img decoding=\"async\" width=\"677\" height=\"1024\" data-id=\"42768\" src=\"https:\/\/elmercuriomanta.ec\/wp-content\/uploads\/2025\/05\/WhatsApp-Image-2025-05-07-at-18.08.46-1-677x1024.jpeg\" alt=\"\" class=\"wp-image-42768\" srcset=\"https:\/\/elmercuriomanta.ec\/wp-content\/uploads\/2025\/05\/WhatsApp-Image-2025-05-07-at-18.08.46-1-677x1024.jpeg 677w, https:\/\/elmercuriomanta.ec\/wp-content\/uploads\/2025\/05\/WhatsApp-Image-2025-05-07-at-18.08.46-1-198x300.jpeg 198w, https:\/\/elmercuriomanta.ec\/wp-content\/uploads\/2025\/05\/WhatsApp-Image-2025-05-07-at-18.08.46-1-768x1162.jpeg 768w, https:\/\/elmercuriomanta.ec\/wp-content\/uploads\/2025\/05\/WhatsApp-Image-2025-05-07-at-18.08.46-1.jpeg 846w\" sizes=\"(max-width: 677px) 100vw, 677px\" \/><\/figure>\n\n\n\n<figure class=\"wp-block-image size-large\"><img decoding=\"async\" width=\"640\" height=\"1024\" data-id=\"42769\" src=\"https:\/\/elmercuriomanta.ec\/wp-content\/uploads\/2025\/05\/WhatsApp-Image-2025-05-07-at-18.08.46-640x1024.jpeg\" alt=\"\" class=\"wp-image-42769\" srcset=\"https:\/\/elmercuriomanta.ec\/wp-content\/uploads\/2025\/05\/WhatsApp-Image-2025-05-07-at-18.08.46-640x1024.jpeg 640w, https:\/\/elmercuriomanta.ec\/wp-content\/uploads\/2025\/05\/WhatsApp-Image-2025-05-07-at-18.08.46-188x300.jpeg 188w, https:\/\/elmercuriomanta.ec\/wp-content\/uploads\/2025\/05\/WhatsApp-Image-2025-05-07-at-18.08.46-768x1229.jpeg 768w, https:\/\/elmercuriomanta.ec\/wp-content\/uploads\/2025\/05\/WhatsApp-Image-2025-05-07-at-18.08.46.jpeg 800w\" sizes=\"(max-width: 640px) 100vw, 640px\" \/><\/figure>\n<\/figure>\n\n\n\n<div class=\"wp-block-columns is-layout-flex wp-container-core-columns-is-layout-28f84493 wp-block-columns-is-layout-flex\">\n<div class=\"wp-block-column is-layout-flow wp-block-column-is-layout-flow\"><\/div>\n<\/div>\n\n\n\n<p>La situaci\u00f3n tambi\u00e9n afecta a quienes viven cerca del r\u00edo Burro. Una ciudadana que residi\u00f3 en el barrio San Pedro 2 destac\u00f3 que los habitantes de las riberas del r\u00edo sufren por los fuertes olores generados por la falta de limpieza, lo cual perjudica la salud de los ni\u00f1os. Adem\u00e1s, pide a las autoridades que realicen inspecciones m\u00e1s frecuentes en los diferentes barrios.<\/p>\n\n\n\n<p> \u201cLlevamos casi un a\u00f1o con estas problem\u00e1ticas. En la temporada de invierno, tengo miedo de que el r\u00edo se desborde, no puedo dormir\u201d, comparti\u00f3 una residente.<\/p>\n\n\n\n<p>Por su parte, la due\u00f1a de un restaurante en San Pedro se quej\u00f3 de c\u00f3mo la proliferaci\u00f3n de basura ha afectado la imagen de su negocio. \u201cEsto me ha perjudicado, por lo que pido a las autoridades que mejoren el servicio de recolecci\u00f3n de basura y los recolectores ubicados en el sector\u201d, afirm\u00f3 con preocupaci\u00f3n.<\/p>\n\n\n\n<p>Los habitantes de Mar\u00eda Auxiliadora y \u00e1reas cercanas esperan que las autoridades tomen cartas en el asunto y trabajen en conjunto para mejorar la limpieza y la recolecci\u00f3n de basura, priorizando as\u00ed la salud y el bienestar de la comunidad.<\/p>\n","protected":false},"excerpt":{"rendered":"<p>La insatisfacci\u00f3n de los moradores de diferentes barrios en Manta crece debido a la falta de limpieza del r\u00edo y la ineficiencia en la recolecci\u00f3n de basura. Los residentes afirman que esta situaci\u00f3n no solo provoca malos olores, sino que tambi\u00e9n afecta la salud de la comunidad.<\/p>\n","protected":false},"author":14,"featured_media":42767,"comment_status":"open","ping_status":"open","sticky":false,"template":"","format":"standard","meta":{"footnotes":""},"categories":[20,83,1],"tags":[87,86],"class_list":["post-42743","post","type-post","status-publish","format-standard","has-post-thumbnail","hentry","category-portada-2","category-sucesos","category-uncategorized","tag-el-mercurio-en-los-barrios","tag-en-tu-barrio"],"_links":{"self":[{"href":"https:\/\/elmercuriomanta.ec\/index.php\/wp-json\/wp\/v2\/posts\/42743","targetHints":{"allow":["GET"]}}],"collection":[{"href":"https:\/\/elmercuriomanta.ec\/index.php\/wp-json\/wp\/v2\/posts"}],"about":[{"href":"https:\/\/elmercuriomanta.ec\/index.php\/wp-json\/wp\/v2\/types\/post"}],"author":[{"embeddable":true,"href":"https:\/\/elmercuriomanta.ec\/index.php\/wp-json\/wp\/v2\/users\/14"}],"replies":[{"embeddable":true,"href":"https:\/\/elmercuriomanta.ec\/index.php\/wp-json\/wp\/v2\/comments?post=42743"}],"version-history":[{"count":5,"href":"https:\/\/elmercuriomanta.ec\/index.php\/wp-json\/wp\/v2\/posts\/42743\/revisions"}],"predecessor-version":[{"id":42770,"href":"https:\/\/elmercuriomanta.ec\/index.php\/wp-json\/wp\/v2\/posts\/42743\/revisions\/42770"}],"wp:featuredmedia":[{"embeddable":true,"href":"https:\/\/elmercuriomanta.ec\/index.php\/wp-json\/wp\/v2\/media\/42767"}],"wp:attachment":[{"href":"https:\/\/elmercuriomanta.ec\/index.php\/wp-json\/wp\/v2\/media?parent=42743"}],"wp:term":[{"taxonomy":"category","embeddable":true,"href":"https:\/\/elmercuriomanta.ec\/index.php\/wp-json\/wp\/v2\/categories?post=42743"},{"taxonomy":"post_tag","embeddable":true,"href":"https:\/\/elmercuriomanta.ec\/index.php\/wp-json\/wp\/v2\/tags?post=42743"}],"curies":[{"name":"wp","href":"https:\/\/api.w.org\/{rel}","templated":true}]}}