{"id":42398,"date":"2025-05-04T10:28:09","date_gmt":"2025-05-04T15:28:09","guid":{"rendered":"https:\/\/elmercuriomanta.ec\/?p=42398"},"modified":"2025-05-04T10:28:09","modified_gmt":"2025-05-04T15:28:09","slug":"vida-de-obrero-municipal-en-peligro","status":"publish","type":"post","link":"https:\/\/elmercuriomanta.ec\/index.php\/2025\/05\/04\/vida-de-obrero-municipal-en-peligro\/","title":{"rendered":"Vida de Obrero Municipal en Peligro"},"content":{"rendered":"\n<figure class=\"wp-block-image aligncenter size-full is-resized\"><img fetchpriority=\"high\" decoding=\"async\" width=\"828\" height=\"773\" src=\"https:\/\/elmercuriomanta.ec\/wp-content\/uploads\/2025\/05\/image-33.png\" alt=\"\" class=\"wp-image-42402\" style=\"width:394px;height:auto\" srcset=\"https:\/\/elmercuriomanta.ec\/wp-content\/uploads\/2025\/05\/image-33.png 828w, https:\/\/elmercuriomanta.ec\/wp-content\/uploads\/2025\/05\/image-33-300x280.png 300w, https:\/\/elmercuriomanta.ec\/wp-content\/uploads\/2025\/05\/image-33-768x717.png 768w\" sizes=\"(max-width: 828px) 100vw, 828px\" \/><\/figure>\n\n\n\n<p>Jos\u00e9 Eduardo Loor Zambrano, de 55 a\u00f1os de edad, se encuentra delicado tras sufrir una ca\u00edda mientras laboraba. &nbsp;Jos\u00e9, lleva 25 a\u00f1os trabajando para el municipio, en el \u00e1rea de volquetas. Este viernes 2 de mayo de 2025, sufri\u00f3 una ca\u00edda que lo dej\u00f3 grave.<\/p>\n\n\n\n<p>Fue trasladado al hospital Rafael Rodr\u00edguez Zambrano, pero en esta casa de salud no hay los equipos que requiere el obrero para su recuperaci\u00f3n. &nbsp;Desde el municipio de Manta se aclar\u00f3 que s\u00ed est\u00e1n al d\u00eda en el Seguro Social, por lo que Jos\u00e9 puede sera atendido. El problema es que debido a la gravedad de la ca\u00edda, el paciente no puede ser traslado f\u00e1cilmente.<\/p>\n","protected":false},"excerpt":{"rendered":"<p>Jos\u00e9 Eduardo Loor Zambrano, de 55 a\u00f1os de edad, se encuentra delicado tras sufrir una ca\u00edda mientras laboraba. \u00a0Jos\u00e9, lleva 25 a\u00f1os trabajando para el municipio, en el \u00e1rea de volquetas. Este viernes 2 de mayo de 2025, sufri\u00f3 una ca\u00edda que lo dej\u00f3 grave.<\/p>\n<p>Fue trasladado al hospital Rafael Rodr\u00edguez Zambrano, pero en esta casa de salud no hay los equipos que requiere el obrero para su recuperaci\u00f3n. \u00a0Desde el municipio de Manta se aclar\u00f3 que s\u00ed est\u00e1n al d\u00eda en el Seguro Social, por lo que Jos\u00e9 puede sera atendido. El problema es que debido a la gravedad de la ca\u00edda, el paciente no puede ser traslado f\u00e1cilmente.<\/p>\n","protected":false},"author":12,"featured_media":42402,"comment_status":"open","ping_status":"open","sticky":false,"template":"","format":"standard","meta":{"footnotes":""},"categories":[1],"tags":[38],"class_list":["post-42398","post","type-post","status-publish","format-standard","has-post-thumbnail","hentry","category-uncategorized","tag-manta"],"_links":{"self":[{"href":"https:\/\/elmercuriomanta.ec\/index.php\/wp-json\/wp\/v2\/posts\/42398","targetHints":{"allow":["GET"]}}],"collection":[{"href":"https:\/\/elmercuriomanta.ec\/index.php\/wp-json\/wp\/v2\/posts"}],"about":[{"href":"https:\/\/elmercuriomanta.ec\/index.php\/wp-json\/wp\/v2\/types\/post"}],"author":[{"embeddable":true,"href":"https:\/\/elmercuriomanta.ec\/index.php\/wp-json\/wp\/v2\/users\/12"}],"replies":[{"embeddable":true,"href":"https:\/\/elmercuriomanta.ec\/index.php\/wp-json\/wp\/v2\/comments?post=42398"}],"version-history":[{"count":1,"href":"https:\/\/elmercuriomanta.ec\/index.php\/wp-json\/wp\/v2\/posts\/42398\/revisions"}],"predecessor-version":[{"id":42403,"href":"https:\/\/elmercuriomanta.ec\/index.php\/wp-json\/wp\/v2\/posts\/42398\/revisions\/42403"}],"wp:featuredmedia":[{"embeddable":true,"href":"https:\/\/elmercuriomanta.ec\/index.php\/wp-json\/wp\/v2\/media\/42402"}],"wp:attachment":[{"href":"https:\/\/elmercuriomanta.ec\/index.php\/wp-json\/wp\/v2\/media?parent=42398"}],"wp:term":[{"taxonomy":"category","embeddable":true,"href":"https:\/\/elmercuriomanta.ec\/index.php\/wp-json\/wp\/v2\/categories?post=42398"},{"taxonomy":"post_tag","embeddable":true,"href":"https:\/\/elmercuriomanta.ec\/index.php\/wp-json\/wp\/v2\/tags?post=42398"}],"curies":[{"name":"wp","href":"https:\/\/api.w.org\/{rel}","templated":true}]}}