{"id":42363,"date":"2025-05-03T12:09:19","date_gmt":"2025-05-03T17:09:19","guid":{"rendered":"https:\/\/elmercuriomanta.ec\/?p=42363"},"modified":"2025-05-03T12:09:19","modified_gmt":"2025-05-03T17:09:19","slug":"contra-fiebre-amarilla-y-tosferina","status":"publish","type":"post","link":"https:\/\/elmercuriomanta.ec\/index.php\/2025\/05\/03\/contra-fiebre-amarilla-y-tosferina\/","title":{"rendered":"Contra Fiebre Amarilla y Tosferina"},"content":{"rendered":"\n<p><strong>Ministerio de Salud Prepara Protocolos de Vacunaci\u00f3n<\/strong><\/p>\n\n\n\n<figure class=\"wp-block-image aligncenter size-large is-resized\"><img fetchpriority=\"high\" decoding=\"async\" width=\"1024\" height=\"631\" src=\"https:\/\/elmercuriomanta.ec\/wp-content\/uploads\/2025\/05\/image-26-1024x631.png\" alt=\"\" class=\"wp-image-42364\" style=\"width:522px;height:auto\" srcset=\"https:\/\/elmercuriomanta.ec\/wp-content\/uploads\/2025\/05\/image-26-1024x631.png 1024w, https:\/\/elmercuriomanta.ec\/wp-content\/uploads\/2025\/05\/image-26-300x185.png 300w, https:\/\/elmercuriomanta.ec\/wp-content\/uploads\/2025\/05\/image-26-768x473.png 768w, https:\/\/elmercuriomanta.ec\/wp-content\/uploads\/2025\/05\/image-26.png 1138w\" sizes=\"(max-width: 1024px) 100vw, 1024px\" \/><\/figure>\n\n\n\n<p>El Comit\u00e9 de Operaciones de Emergencia <strong>(<\/strong><strong>COE<\/strong><strong>)<\/strong> Nacional se&nbsp;<strong>reuni\u00f3<\/strong>, este viernes 2 de mayo del 2025, para analizar y&nbsp;<strong>tomar acciones<\/strong><strong>&nbsp;<\/strong>en torno a las&nbsp;<strong>alerta<\/strong>s por el aumento de&nbsp;<a href=\"https:\/\/www.teleamazonas.com\/?s=tosferina\">casos de<strong>&nbsp;<\/strong><strong>tosferina<\/strong><strong>&nbsp;y&nbsp;<\/strong><strong>fiebre amarilla<\/strong>&nbsp;en Ecuador.<\/a> <strong>In\u00e9s Manzano<\/strong>, presidenta del COE Nacional, adelant\u00f3 en su cuenta de X que se&nbsp;<strong>preparan acciones&nbsp;<\/strong>pertinentes y&nbsp;<strong>vacunaci\u00f3n&nbsp;<\/strong>en<strong>unidades educativas<\/strong><strong>&nbsp;<\/strong>del pa\u00eds. \u201cLos protocolos de fiebre amarilla y tos ferina estar\u00e1n siendo comunicados a trav\u00e9s de los Ministerios de Salud y Educaci\u00f3n\u201d, agreg\u00f3.<\/p>\n\n\n\n<p>El anuncio se realiza dos d\u00edas despu\u00e9s que el Ministerio de Salud P\u00fablica estableciera como&nbsp;<strong>obligato<\/strong>rio presentar el&nbsp;<strong>Certificado<\/strong>Internacional de Vacunaci\u00f3n contra la<strong>&nbsp;<\/strong><strong>fiebre amarilla<\/strong>&nbsp;para&nbsp;<strong>viajeros<\/strong>&nbsp;provenientes de Per\u00fa, Colombia, Bolivia y Brasil o que hayan transitado por estos pa\u00edses. Esta medida entrar\u00e1 en vigencia el pr\u00f3ximo 12 de mayo y busca reforzar el control sanitario en fronteras. Actualmente, en&nbsp;<strong>Ecuador<\/strong>&nbsp;se han identificado&nbsp;<strong>tres casos de fiebre amarilla<\/strong>&nbsp;y&nbsp;<strong>un fallecido<\/strong><strong>&nbsp;<\/strong>de 26 a\u00f1os, que se detect\u00f3 en la provincia de Zamora Chinchipe. Mientras que a escala nacional por&nbsp;<strong>tosferina<\/strong>&nbsp;se han identificado&nbsp;<strong>322<\/strong>, de ellos 45 se ubican en Pichincha. Adem\u00e1s, existe una&nbsp;<strong>alerta<\/strong>&nbsp;por el&nbsp;<strong>contagio<\/strong><strong>&nbsp;<\/strong>de una&nbsp;<strong>estudiante<\/strong>&nbsp;de un plantel municipal de Quito. La ni\u00f1a de 11 a\u00f1os dio positivo para la enfermedad y 70 alumnos se encuentran en clases no presenciales para prevenir un brote.<\/p>\n\n\n\n<p><\/p>\n","protected":false},"excerpt":{"rendered":"<p>El Comit\u00e9 de Operaciones de Emergencia (COE) Nacional se\u00a0reuni\u00f3, este viernes 2 de mayo del 2025, para analizar y\u00a0tomar acciones\u00a0en torno a las\u00a0alertas por el aumento de\u00a0casos de\u00a0tosferina\u00a0y\u00a0fiebre amarilla\u00a0en Ecuador. In\u00e9s Manzano, presidenta del COE Nacional, adelant\u00f3 en su cuenta de X que se\u00a0preparan acciones\u00a0pertinentes y\u00a0vacunaci\u00f3n\u00a0enunidades educativas\u00a0del pa\u00eds. \u201cLos protocolos de fiebre amarilla y tos ferina estar\u00e1n siendo comunicados a trav\u00e9s de los Ministerios de Salud y Educaci\u00f3n\u201d, agreg\u00f3.<\/p>\n<p>El anuncio se realiza dos d\u00edas despu\u00e9s que el Ministerio de Salud P\u00fablica estableciera como\u00a0obligatorio presentar el\u00a0CertificadoInternacional de Vacunaci\u00f3n contra la\u00a0fiebre amarilla\u00a0para\u00a0viajeros\u00a0provenientes de Per\u00fa, Colombia, Bolivia y Brasil o que hayan transitado por estos pa\u00edses. Esta medida entrar\u00e1 en vigencia el pr\u00f3ximo 12 de mayo y busca reforzar el control sanitario en fronteras. Actualmente, en\u00a0Ecuador\u00a0se han identificado\u00a0tres casos de fiebre amarilla\u00a0y\u00a0un fallecido\u00a0de 26 a\u00f1os, que se detect\u00f3 en la provincia de Zamora Chinchipe. Mientras que a escala nacional por\u00a0tosferina\u00a0se han identificado\u00a0322, de ellos 45 se ubican en Pichincha. Adem\u00e1s, existe una\u00a0alerta\u00a0por el\u00a0contagio\u00a0de una\u00a0estudiante\u00a0de un plantel municipal de Quito. La ni\u00f1a de 11 a\u00f1os dio positivo para la enfermedad y 70 alumnos se encuentran en clases no presenciales para prevenir un brote.<\/p>\n","protected":false},"author":12,"featured_media":42364,"comment_status":"open","ping_status":"open","sticky":false,"template":"","format":"standard","meta":{"footnotes":""},"categories":[1],"tags":[23],"class_list":["post-42363","post","type-post","status-publish","format-standard","has-post-thumbnail","hentry","category-uncategorized","tag-ecuador"],"_links":{"self":[{"href":"https:\/\/elmercuriomanta.ec\/index.php\/wp-json\/wp\/v2\/posts\/42363","targetHints":{"allow":["GET"]}}],"collection":[{"href":"https:\/\/elmercuriomanta.ec\/index.php\/wp-json\/wp\/v2\/posts"}],"about":[{"href":"https:\/\/elmercuriomanta.ec\/index.php\/wp-json\/wp\/v2\/types\/post"}],"author":[{"embeddable":true,"href":"https:\/\/elmercuriomanta.ec\/index.php\/wp-json\/wp\/v2\/users\/12"}],"replies":[{"embeddable":true,"href":"https:\/\/elmercuriomanta.ec\/index.php\/wp-json\/wp\/v2\/comments?post=42363"}],"version-history":[{"count":1,"href":"https:\/\/elmercuriomanta.ec\/index.php\/wp-json\/wp\/v2\/posts\/42363\/revisions"}],"predecessor-version":[{"id":42365,"href":"https:\/\/elmercuriomanta.ec\/index.php\/wp-json\/wp\/v2\/posts\/42363\/revisions\/42365"}],"wp:featuredmedia":[{"embeddable":true,"href":"https:\/\/elmercuriomanta.ec\/index.php\/wp-json\/wp\/v2\/media\/42364"}],"wp:attachment":[{"href":"https:\/\/elmercuriomanta.ec\/index.php\/wp-json\/wp\/v2\/media?parent=42363"}],"wp:term":[{"taxonomy":"category","embeddable":true,"href":"https:\/\/elmercuriomanta.ec\/index.php\/wp-json\/wp\/v2\/categories?post=42363"},{"taxonomy":"post_tag","embeddable":true,"href":"https:\/\/elmercuriomanta.ec\/index.php\/wp-json\/wp\/v2\/tags?post=42363"}],"curies":[{"name":"wp","href":"https:\/\/api.w.org\/{rel}","templated":true}]}}