{"id":42353,"date":"2025-05-03T11:37:03","date_gmt":"2025-05-03T16:37:03","guid":{"rendered":"https:\/\/elmercuriomanta.ec\/?p=42353"},"modified":"2025-05-03T11:37:03","modified_gmt":"2025-05-03T16:37:03","slug":"pablo-davila-fue-designado-nuevo-comandante-de-la-policia-nacional","status":"publish","type":"post","link":"https:\/\/elmercuriomanta.ec\/index.php\/2025\/05\/03\/pablo-davila-fue-designado-nuevo-comandante-de-la-policia-nacional\/","title":{"rendered":"Pablo D\u00e1vila fue Designado Nuevo Comandante de la Polic\u00eda Nacional"},"content":{"rendered":"\n<figure class=\"wp-block-image aligncenter size-large is-resized\"><img fetchpriority=\"high\" decoding=\"async\" width=\"778\" height=\"1024\" src=\"https:\/\/elmercuriomanta.ec\/wp-content\/uploads\/2025\/05\/image-23-778x1024.png\" alt=\"\" class=\"wp-image-42354\" style=\"width:355px;height:auto\" srcset=\"https:\/\/elmercuriomanta.ec\/wp-content\/uploads\/2025\/05\/image-23-778x1024.png 778w, https:\/\/elmercuriomanta.ec\/wp-content\/uploads\/2025\/05\/image-23-228x300.png 228w, https:\/\/elmercuriomanta.ec\/wp-content\/uploads\/2025\/05\/image-23-768x1011.png 768w, https:\/\/elmercuriomanta.ec\/wp-content\/uploads\/2025\/05\/image-23-1167x1536.png 1167w, https:\/\/elmercuriomanta.ec\/wp-content\/uploads\/2025\/05\/image-23.png 1216w\" sizes=\"(max-width: 778px) 100vw, 778px\" \/><\/figure>\n\n\n\n<p>Mediante Decreto Ejecutivo 619, el presidente Daniel Noboa nombr\u00f3 a Pablo D\u00e1vila como nuevo Comandante General de la Polic\u00eda Nacional.<strong> <\/strong>El general de distrito reemplazar\u00e1 en el cargo a V\u00edctor Hugo Z\u00e1rate, quien permanec\u00eda en funciones desde agosto de 2024.\u00a0 Desde Abu Dhabi, Emiratos \u00c1rabes Unidos,<strong>\u00a0<\/strong>en don<strong>de el <\/strong>mandatario se encuentra en una visita oficial, se realizaron los cambios en el mando policial.\u00a0 En un inicio, a trav\u00e9s del Decreto Ejecutivo 618,\u00a0Noboa nombr\u00f3 a Wilson Pav\u00f3n como comandante policial en lugar de Zarate<strong>.<\/strong> A los pocos minutos se envi\u00f3 otro decreto en el que cesaba a Pav\u00f3n y nombraba a D\u00e1vila.\u00a0<\/p>\n\n\n\n<p>En el Decreto 618, Noboa tambi\u00e9n ces\u00f3 en sus funciones a los generales Freddy Sarzosa, quien se desempe\u00f1aba como subcomandante; y Freddy Goyes, inspector general de la Polic\u00eda.\u00a0 El nuevo comandante general de la Polic\u00eda ejerc\u00eda funciones como jefe de la Zona 8, que engloba a Guayaquil, Dur\u00e1n y Samborond\u00f3n, desde donde lideraba operativos contra el crimen organizado y el narcotr\u00e1fico.\u00a0 Antes,<strong>\u00a0<\/strong>D\u00e1vila se desempe\u00f1\u00f3 como comandante del Grupo de Operaciones Especiales (GOE)\u00a0y comandante general de la Zona 1 (Esmeraldas, Imbabura y Carchi). Tiene m\u00e1s de 35 a\u00f1os de carrera policial y es especialista en b\u00fasqueda de personas y negociaci\u00f3n de rehenes.\u00a0<\/p>\n","protected":false},"excerpt":{"rendered":"<p>Mediante Decreto Ejecutivo 619, el presidente Daniel Noboa nombr\u00f3 a Pablo D\u00e1vila como nuevo Comandante General de la Polic\u00eda Nacional. El general de distrito reemplazar\u00e1 en el cargo a V\u00edctor Hugo Z\u00e1rate, quien permanec\u00eda en funciones desde agosto de 2024.\u00a0 Desde Abu Dhabi, Emiratos \u00c1rabes Unidos,\u00a0en donde el mandatario se encuentra en una visita oficial, se realizaron los cambios en el mando policial.\u00a0 En un inicio, a trav\u00e9s del Decreto Ejecutivo 618,\u00a0Noboa nombr\u00f3 a Wilson Pav\u00f3n como comandante policial en lugar de Zarate. A los pocos minutos se envi\u00f3 otro decreto en el que cesaba a Pav\u00f3n y nombraba a D\u00e1vila.\u00a0<\/p>\n<p>En el Decreto 618, Noboa tambi\u00e9n ces\u00f3 en sus funciones a los generales Freddy Sarzosa, quien se desempe\u00f1aba como subcomandante; y Freddy Goyes, inspector general de la Polic\u00eda.\u00a0 El nuevo comandante general de la Polic\u00eda ejerc\u00eda funciones como jefe de la Zona 8, que engloba a Guayaquil, Dur\u00e1n y Samborond\u00f3n, desde donde lideraba operativos contra el crimen organizado y el narcotr\u00e1fico.\u00a0 Antes,\u00a0D\u00e1vila se desempe\u00f1\u00f3 como comandante del Grupo de Operaciones Especiales (GOE)\u00a0y comandante general de la Zona 1 (Esmeraldas, Imbabura y Carchi). Tiene m\u00e1s de 35 a\u00f1os de carrera policial y es especialista en b\u00fasqueda de personas y negociaci\u00f3n de rehenes.<\/p>\n","protected":false},"author":12,"featured_media":42354,"comment_status":"open","ping_status":"open","sticky":false,"template":"","format":"standard","meta":{"footnotes":""},"categories":[1],"tags":[23],"class_list":["post-42353","post","type-post","status-publish","format-standard","has-post-thumbnail","hentry","category-uncategorized","tag-ecuador"],"_links":{"self":[{"href":"https:\/\/elmercuriomanta.ec\/index.php\/wp-json\/wp\/v2\/posts\/42353","targetHints":{"allow":["GET"]}}],"collection":[{"href":"https:\/\/elmercuriomanta.ec\/index.php\/wp-json\/wp\/v2\/posts"}],"about":[{"href":"https:\/\/elmercuriomanta.ec\/index.php\/wp-json\/wp\/v2\/types\/post"}],"author":[{"embeddable":true,"href":"https:\/\/elmercuriomanta.ec\/index.php\/wp-json\/wp\/v2\/users\/12"}],"replies":[{"embeddable":true,"href":"https:\/\/elmercuriomanta.ec\/index.php\/wp-json\/wp\/v2\/comments?post=42353"}],"version-history":[{"count":1,"href":"https:\/\/elmercuriomanta.ec\/index.php\/wp-json\/wp\/v2\/posts\/42353\/revisions"}],"predecessor-version":[{"id":42355,"href":"https:\/\/elmercuriomanta.ec\/index.php\/wp-json\/wp\/v2\/posts\/42353\/revisions\/42355"}],"wp:featuredmedia":[{"embeddable":true,"href":"https:\/\/elmercuriomanta.ec\/index.php\/wp-json\/wp\/v2\/media\/42354"}],"wp:attachment":[{"href":"https:\/\/elmercuriomanta.ec\/index.php\/wp-json\/wp\/v2\/media?parent=42353"}],"wp:term":[{"taxonomy":"category","embeddable":true,"href":"https:\/\/elmercuriomanta.ec\/index.php\/wp-json\/wp\/v2\/categories?post=42353"},{"taxonomy":"post_tag","embeddable":true,"href":"https:\/\/elmercuriomanta.ec\/index.php\/wp-json\/wp\/v2\/tags?post=42353"}],"curies":[{"name":"wp","href":"https:\/\/api.w.org\/{rel}","templated":true}]}}