{"id":42144,"date":"2025-04-30T10:05:03","date_gmt":"2025-04-30T15:05:03","guid":{"rendered":"https:\/\/elmercuriomanta.ec\/?p=42144"},"modified":"2025-04-30T10:05:03","modified_gmt":"2025-04-30T15:05:03","slug":"nuevo-ataque-armado-en-la-madrugada-cobra-una-vida","status":"publish","type":"post","link":"https:\/\/elmercuriomanta.ec\/index.php\/2025\/04\/30\/nuevo-ataque-armado-en-la-madrugada-cobra-una-vida\/","title":{"rendered":"Nuevo ataque armado en la madrugada cobra una vida"},"content":{"rendered":"\n<figure class=\"wp-block-image aligncenter size-large is-resized\"><img fetchpriority=\"high\" decoding=\"async\" width=\"1024\" height=\"528\" src=\"https:\/\/elmercuriomanta.ec\/wp-content\/uploads\/2025\/04\/494457537_1092111476270835_8420497692458310294_n-processedlightpdf.com_-1024x528.jpg\" alt=\"\" class=\"wp-image-42145\" style=\"width:630px;height:auto\" srcset=\"https:\/\/elmercuriomanta.ec\/wp-content\/uploads\/2025\/04\/494457537_1092111476270835_8420497692458310294_n-processedlightpdf.com_-1024x528.jpg 1024w, https:\/\/elmercuriomanta.ec\/wp-content\/uploads\/2025\/04\/494457537_1092111476270835_8420497692458310294_n-processedlightpdf.com_-300x155.jpg 300w, https:\/\/elmercuriomanta.ec\/wp-content\/uploads\/2025\/04\/494457537_1092111476270835_8420497692458310294_n-processedlightpdf.com_-768x396.jpg 768w, https:\/\/elmercuriomanta.ec\/wp-content\/uploads\/2025\/04\/494457537_1092111476270835_8420497692458310294_n-processedlightpdf.com_.jpg 1047w\" sizes=\"(max-width: 1024px) 100vw, 1024px\" \/><\/figure>\n\n\n\n<p>Aproximadamente a las 01H00 de este mi\u00e9rcoles 30 de abril en la calle 11 avenida 24, cerca del barrio Santa Fe de Manta, un hombre fue herido de balas por sujetos desconocidos.<\/p>\n\n\n\n<p>Tras el ataque armad0 el agresor huy\u00f3 y se perdi\u00f3 en la oscuridad de la madrugada mientras que afectado qued\u00f3 agonizando.<\/p>\n\n\n\n<p>Urgentemente el h3rid0 fue llevado al hospital Rodr\u00edguez Zambrano y al cabo de varios minutos los m\u00e9dicos de turno informaron que el ciudadano dej\u00f3 de existir<\/p>\n\n\n\n<p>El cuerpo de la v\u00edctima identificado como Erick Fernando Alvarez Bravo fue llevado al Centro Forense mientras que la Polic\u00eda investiga el nuevo caso de mu3rt3.<\/p>\n\n\n\n<p>En estos primeros cuatro meses del a\u00f1o 2025, el Distrito Manta ya se ha registrado al rededor de 157 mu3rt3s vi0lent@s.<\/p>\n\n\n\n<p><\/p>\n","protected":false},"excerpt":{"rendered":"<p>Aproximadamente a las 01H00 de este mi\u00e9rcoles 30 de abril en la calle 11 avenida 24, cerca del barrio Santa Fe de Manta, un hombre fue herido de balas por sujetos desconocidos.<\/p>\n","protected":false},"author":14,"featured_media":42145,"comment_status":"open","ping_status":"open","sticky":false,"template":"","format":"standard","meta":{"footnotes":""},"categories":[1],"tags":[91,23,38],"class_list":["post-42144","post","type-post","status-publish","format-standard","has-post-thumbnail","hentry","category-uncategorized","tag-cronica","tag-ecuador","tag-manta"],"_links":{"self":[{"href":"https:\/\/elmercuriomanta.ec\/index.php\/wp-json\/wp\/v2\/posts\/42144","targetHints":{"allow":["GET"]}}],"collection":[{"href":"https:\/\/elmercuriomanta.ec\/index.php\/wp-json\/wp\/v2\/posts"}],"about":[{"href":"https:\/\/elmercuriomanta.ec\/index.php\/wp-json\/wp\/v2\/types\/post"}],"author":[{"embeddable":true,"href":"https:\/\/elmercuriomanta.ec\/index.php\/wp-json\/wp\/v2\/users\/14"}],"replies":[{"embeddable":true,"href":"https:\/\/elmercuriomanta.ec\/index.php\/wp-json\/wp\/v2\/comments?post=42144"}],"version-history":[{"count":1,"href":"https:\/\/elmercuriomanta.ec\/index.php\/wp-json\/wp\/v2\/posts\/42144\/revisions"}],"predecessor-version":[{"id":42146,"href":"https:\/\/elmercuriomanta.ec\/index.php\/wp-json\/wp\/v2\/posts\/42144\/revisions\/42146"}],"wp:featuredmedia":[{"embeddable":true,"href":"https:\/\/elmercuriomanta.ec\/index.php\/wp-json\/wp\/v2\/media\/42145"}],"wp:attachment":[{"href":"https:\/\/elmercuriomanta.ec\/index.php\/wp-json\/wp\/v2\/media?parent=42144"}],"wp:term":[{"taxonomy":"category","embeddable":true,"href":"https:\/\/elmercuriomanta.ec\/index.php\/wp-json\/wp\/v2\/categories?post=42144"},{"taxonomy":"post_tag","embeddable":true,"href":"https:\/\/elmercuriomanta.ec\/index.php\/wp-json\/wp\/v2\/tags?post=42144"}],"curies":[{"name":"wp","href":"https:\/\/api.w.org\/{rel}","templated":true}]}}