{"id":42050,"date":"2025-04-28T17:33:32","date_gmt":"2025-04-28T22:33:32","guid":{"rendered":"https:\/\/elmercuriomanta.ec\/?p=42050"},"modified":"2025-04-28T17:33:32","modified_gmt":"2025-04-28T22:33:32","slug":"indignacion-en-puerto-lopez-exhiben-a-delfin-capturado-y-el-animal-muere-pese-a-esfuerzos-de-rescate","status":"publish","type":"post","link":"https:\/\/elmercuriomanta.ec\/index.php\/2025\/04\/28\/indignacion-en-puerto-lopez-exhiben-a-delfin-capturado-y-el-animal-muere-pese-a-esfuerzos-de-rescate\/","title":{"rendered":"Indignaci\u00f3n en Puerto L\u00f3pez: exhiben a delf\u00edn capturado y el animal muere pese a esfuerzos de rescate"},"content":{"rendered":"\n<figure class=\"wp-block-image aligncenter size-full is-resized\"><img fetchpriority=\"high\" decoding=\"async\" width=\"768\" height=\"402\" src=\"https:\/\/elmercuriomanta.ec\/wp-content\/uploads\/2025\/04\/image-427.png\" alt=\"\" class=\"wp-image-42051\" style=\"width:261px;height:auto\" srcset=\"https:\/\/elmercuriomanta.ec\/wp-content\/uploads\/2025\/04\/image-427.png 768w, https:\/\/elmercuriomanta.ec\/wp-content\/uploads\/2025\/04\/image-427-300x157.png 300w\" sizes=\"(max-width: 768px) 100vw, 768px\" \/><\/figure>\n\n\n\n<p>La ma\u00f1ana del domingo 27 de abril, en el cant\u00f3n Puerto L\u00f3pez, provincia de Manab\u00ed, varias personas exhibieron un delf\u00edn que posteriormente falleci\u00f3.<\/p>\n\n\n\n<p>Se maneja la hip\u00f3tesis de que el animal habr\u00eda sido v\u00edctima de pesca incidental o que pudo haberse varado en la playa. Im\u00e1genes compartidas en redes sociales muestran al delf\u00edn en brazos de varias personas que aprovecharon para tomarse fotograf\u00edas. Adem\u00e1s, la p\u00e1gina Bit\u00e1cora Ambiental difundi\u00f3 un video para denunciar el suceso.<\/p>\n\n\n\n<p>En un comunicado, la Direcci\u00f3n Zonal 4 del Ministerio del Ambiente, Agua y Transici\u00f3n Ecol\u00f3gica (MAATE) inform\u00f3 que activ\u00f3 el \u201cProtocolo de Atenci\u00f3n de Varamiento de Mam\u00edferos Marinos\u201d al conocerse el caso. El delf\u00edn juvenil fue trasladado al Centro de Rehabilitaci\u00f3n de Fauna Marina del Parque Nacional Machalilla, donde el equipo veterinario confirm\u00f3 su muerte. El animal presentaba laceraciones en las aletas posteriores, lo que sugiere que podr\u00eda haber muerto a causa de la pesca incidental.<\/p>\n\n\n\n<p>Siguiendo el protocolo establecido, el cuerpo fue colocado en una zona deshabitada, asegurando la protecci\u00f3n de la salud p\u00fablica y del medioambiente. El MAATE, junto con otras autoridades estatales, rechaz\u00f3 la captura y exhibici\u00f3n del delf\u00edn, y asegur\u00f3 que actuar\u00e1 conforme a las leyes ambientales vigentes.<\/p>\n\n\n\n<p>Finalmente, la entidad reiter\u00f3 su compromiso con la conservaci\u00f3n de la fauna marina, anunciando el fortalecimiento de programas de capacitaci\u00f3n para residentes y pescadores del cant\u00f3n, con el fin de evitar este tipo de hechos y salvaguardar la vida silvestre.<\/p>\n","protected":false},"excerpt":{"rendered":"<p>La ma\u00f1ana del domingo 27 de abril, en el cant\u00f3n Puerto L\u00f3pez, provincia de Manab\u00ed, varias personas exhibieron un delf\u00edn que posteriormente falleci\u00f3.<\/p>\n","protected":false},"author":14,"featured_media":42051,"comment_status":"open","ping_status":"open","sticky":false,"template":"","format":"standard","meta":{"footnotes":""},"categories":[20,83],"tags":[23],"class_list":["post-42050","post","type-post","status-publish","format-standard","has-post-thumbnail","hentry","category-portada-2","category-sucesos","tag-ecuador"],"_links":{"self":[{"href":"https:\/\/elmercuriomanta.ec\/index.php\/wp-json\/wp\/v2\/posts\/42050","targetHints":{"allow":["GET"]}}],"collection":[{"href":"https:\/\/elmercuriomanta.ec\/index.php\/wp-json\/wp\/v2\/posts"}],"about":[{"href":"https:\/\/elmercuriomanta.ec\/index.php\/wp-json\/wp\/v2\/types\/post"}],"author":[{"embeddable":true,"href":"https:\/\/elmercuriomanta.ec\/index.php\/wp-json\/wp\/v2\/users\/14"}],"replies":[{"embeddable":true,"href":"https:\/\/elmercuriomanta.ec\/index.php\/wp-json\/wp\/v2\/comments?post=42050"}],"version-history":[{"count":1,"href":"https:\/\/elmercuriomanta.ec\/index.php\/wp-json\/wp\/v2\/posts\/42050\/revisions"}],"predecessor-version":[{"id":42052,"href":"https:\/\/elmercuriomanta.ec\/index.php\/wp-json\/wp\/v2\/posts\/42050\/revisions\/42052"}],"wp:featuredmedia":[{"embeddable":true,"href":"https:\/\/elmercuriomanta.ec\/index.php\/wp-json\/wp\/v2\/media\/42051"}],"wp:attachment":[{"href":"https:\/\/elmercuriomanta.ec\/index.php\/wp-json\/wp\/v2\/media?parent=42050"}],"wp:term":[{"taxonomy":"category","embeddable":true,"href":"https:\/\/elmercuriomanta.ec\/index.php\/wp-json\/wp\/v2\/categories?post=42050"},{"taxonomy":"post_tag","embeddable":true,"href":"https:\/\/elmercuriomanta.ec\/index.php\/wp-json\/wp\/v2\/tags?post=42050"}],"curies":[{"name":"wp","href":"https:\/\/api.w.org\/{rel}","templated":true}]}}