{"id":42011,"date":"2025-04-28T10:57:59","date_gmt":"2025-04-28T15:57:59","guid":{"rendered":"https:\/\/elmercuriomanta.ec\/?p=42011"},"modified":"2025-04-28T10:57:59","modified_gmt":"2025-04-28T15:57:59","slug":"hugo-vargas-designado-director-de-la-region-costa-norte-del-comite-empresarial","status":"publish","type":"post","link":"https:\/\/elmercuriomanta.ec\/index.php\/2025\/04\/28\/hugo-vargas-designado-director-de-la-region-costa-norte-del-comite-empresarial\/","title":{"rendered":"Hugo Vargas Designado Director de la Regi\u00f3n Costa Norte del Comit\u00e9 Empresarial"},"content":{"rendered":"\n<figure class=\"wp-block-image aligncenter size-full is-resized\"><img fetchpriority=\"high\" decoding=\"async\" width=\"201\" height=\"251\" src=\"https:\/\/elmercuriomanta.ec\/wp-content\/uploads\/2025\/04\/image-421.png\" alt=\"\" class=\"wp-image-42013\" style=\"width:310px;height:auto\"\/><\/figure>\n\n\n\n<p>Con orgullo anunciamos que nuestro presidente, Hugo Vargas Cede\u00f1o, ha sido designado como Director Titular de la regi\u00f3n Costa Norte en la nueva directiva del Comit\u00e9 Empresarial Ecuatoriano para el per\u00edodo 2025-2027. La nueva directiva est\u00e1 liderada por Mar\u00eda Paz Jervis en la presidencia, acompa\u00f1ada por Jos\u00e9 Antonio Hidalgo en la vicepresidencia y Daniela Bola\u00f1os en la direcci\u00f3n ejecutiva.<\/p>\n\n\n\n<p>Esta designaci\u00f3n demuestra que la C\u00e1mara de Comercio de Manta sigue alcanzando importantes logros, gracias al liderazgo y compromiso de Hugo Vargas junto al incesante apoyo de todo el sector productivo de nuestra regi\u00f3n. Con su participaci\u00f3n, Manab\u00ed y la Costa estar\u00e1n muy bien representados en espacios donde se articulan propuestas, se generan consensos y se impulsa la agenda del sector productivo nacional.<\/p>\n","protected":false},"excerpt":{"rendered":"<p>Con orgullo anunciamos que nuestro presidente, Hugo Vargas Cede\u00f1o, ha sido designado como Director Titular de la regi\u00f3n Costa Norte en la nueva directiva del Comit\u00e9 Empresarial Ecuatoriano para el per\u00edodo 2025-2027. La nueva directiva est\u00e1 liderada por Mar\u00eda Paz Jervis en la presidencia, acompa\u00f1ada por Jos\u00e9 Antonio Hidalgo en la vicepresidencia y Daniela Bola\u00f1os en la direcci\u00f3n ejecutiva.<\/p>\n<p>Esta designaci\u00f3n demuestra que la C\u00e1mara de Comercio de Manta sigue alcanzando importantes logros, gracias al liderazgo y compromiso de Hugo Vargas junto al incesante apoyo de todo el sector productivo de nuestra regi\u00f3n. Con su participaci\u00f3n, Manab\u00ed y la Costa estar\u00e1n muy bien representados en espacios donde se articulan propuestas, se generan consensos y se impulsa la agenda del sector productivo nacional.<\/p>\n","protected":false},"author":12,"featured_media":42013,"comment_status":"open","ping_status":"open","sticky":false,"template":"","format":"standard","meta":{"footnotes":""},"categories":[1],"tags":[38],"class_list":["post-42011","post","type-post","status-publish","format-standard","has-post-thumbnail","hentry","category-uncategorized","tag-manta"],"_links":{"self":[{"href":"https:\/\/elmercuriomanta.ec\/index.php\/wp-json\/wp\/v2\/posts\/42011","targetHints":{"allow":["GET"]}}],"collection":[{"href":"https:\/\/elmercuriomanta.ec\/index.php\/wp-json\/wp\/v2\/posts"}],"about":[{"href":"https:\/\/elmercuriomanta.ec\/index.php\/wp-json\/wp\/v2\/types\/post"}],"author":[{"embeddable":true,"href":"https:\/\/elmercuriomanta.ec\/index.php\/wp-json\/wp\/v2\/users\/12"}],"replies":[{"embeddable":true,"href":"https:\/\/elmercuriomanta.ec\/index.php\/wp-json\/wp\/v2\/comments?post=42011"}],"version-history":[{"count":1,"href":"https:\/\/elmercuriomanta.ec\/index.php\/wp-json\/wp\/v2\/posts\/42011\/revisions"}],"predecessor-version":[{"id":42014,"href":"https:\/\/elmercuriomanta.ec\/index.php\/wp-json\/wp\/v2\/posts\/42011\/revisions\/42014"}],"wp:featuredmedia":[{"embeddable":true,"href":"https:\/\/elmercuriomanta.ec\/index.php\/wp-json\/wp\/v2\/media\/42013"}],"wp:attachment":[{"href":"https:\/\/elmercuriomanta.ec\/index.php\/wp-json\/wp\/v2\/media?parent=42011"}],"wp:term":[{"taxonomy":"category","embeddable":true,"href":"https:\/\/elmercuriomanta.ec\/index.php\/wp-json\/wp\/v2\/categories?post=42011"},{"taxonomy":"post_tag","embeddable":true,"href":"https:\/\/elmercuriomanta.ec\/index.php\/wp-json\/wp\/v2\/tags?post=42011"}],"curies":[{"name":"wp","href":"https:\/\/api.w.org\/{rel}","templated":true}]}}