{"id":41971,"date":"2025-04-27T11:29:55","date_gmt":"2025-04-27T16:29:55","guid":{"rendered":"https:\/\/elmercuriomanta.ec\/?p=41971"},"modified":"2025-04-27T11:29:55","modified_gmt":"2025-04-27T16:29:55","slug":"sri-amplia-plazo-para-declaraciones-y-pago-de-impuestos-en-esmeraldas-tras-sismo","status":"publish","type":"post","link":"https:\/\/elmercuriomanta.ec\/index.php\/2025\/04\/27\/sri-amplia-plazo-para-declaraciones-y-pago-de-impuestos-en-esmeraldas-tras-sismo\/","title":{"rendered":"SRI Ampl\u00eda Plazo para Declaraciones y Pago de Impuestos en Esmeraldas tras Sismo"},"content":{"rendered":"\n<figure class=\"wp-block-image aligncenter size-full is-resized\"><img fetchpriority=\"high\" decoding=\"async\" width=\"1024\" height=\"683\" src=\"https:\/\/elmercuriomanta.ec\/wp-content\/uploads\/2025\/04\/image-413.png\" alt=\"\" class=\"wp-image-41975\" style=\"width:477px;height:auto\" srcset=\"https:\/\/elmercuriomanta.ec\/wp-content\/uploads\/2025\/04\/image-413.png 1024w, https:\/\/elmercuriomanta.ec\/wp-content\/uploads\/2025\/04\/image-413-300x200.png 300w, https:\/\/elmercuriomanta.ec\/wp-content\/uploads\/2025\/04\/image-413-768x512.png 768w\" sizes=\"(max-width: 1024px) 100vw, 1024px\" \/><\/figure>\n\n\n\n<p>El Servicio de Rentas Internas (SRI) ampli\u00f3 el plazo para que los contribuyentes de Esmeraldas presenten sus obligaciones tributarias. La decisi\u00f3n se tom\u00f3 tras el sismo de 6 grados que afect\u00f3 la provincia el viernes 25 de abril del 2025. Seg\u00fan un comunicado del organismo, el cambio en la fecha se aplica para los contribuyentes con domicilio principal en la provincia de Esmeraldas. Podr\u00e1n acogerse aquellas personas cuyo noveno d\u00edgito del Registro \u00danico de Contribuyente (RUC) sea el nueve o el cero. La declaraci\u00f3n se podr\u00e1 presentar hasta el 27 y 29 de mayo, respectivamente.<\/p>\n\n\n\n<p>La extensi\u00f3n en el plazo se aplicar\u00e1 para siguientes obligaciones tributarias:<\/p>\n\n\n\n<p>\u2022 Declaraciones de Impuesto a la Renta del periodo fiscal 2024.<\/p>\n\n\n\n<p>\u2022 Declaraciones correspondientes a marzo de 2025 de Impuesto al Valor Agregado (IVA).<\/p>\n\n\n\n<p>\u2022 Impuesto a los Consumos Especiales (ICE).<\/p>\n\n\n\n<p>\u2022 Retenciones en la Fuente.<\/p>\n\n\n\n<p>\u2022 Anexo Transaccional Simplificado (ATS) correspondiente al periodo febrero de 2025.<\/p>\n\n\n\n<p>El SRI tambi\u00e9n indic\u00f3 que la Resoluci\u00f3n establece que, en la provincia de Esmeraldas se suspenden los plazos y t\u00e9rminos de todos los procesos administrativos tributarios y los plazos de prescripci\u00f3n de la acci\u00f3n de cobro, el d\u00eda 25 de abril de 2025. Estos procesos se reactivar\u00e1n a partir del lunes, 28 de abril.<\/p>\n","protected":false},"excerpt":{"rendered":"<p>El Servicio de Rentas Internas (SRI) ampli\u00f3 el plazo para que los contribuyentes de Esmeraldas presenten sus obligaciones tributarias. La decisi\u00f3n se tom\u00f3 tras el sismo de 6 grados que afect\u00f3 la provincia el viernes 25 de abril del 2025. Seg\u00fan un comunicado del organismo, el cambio en la fecha se aplica para los contribuyentes con domicilio principal en la provincia de Esmeraldas. Podr\u00e1n acogerse aquellas personas cuyo noveno d\u00edgito del Registro \u00danico de Contribuyente (RUC) sea el nueve o el cero. La declaraci\u00f3n se podr\u00e1 presentar hasta el 27 y 29 de mayo, respectivamente.<\/p>\n<p>La extensi\u00f3n en el plazo se aplicar\u00e1 para siguientes obligaciones tributarias:<\/p>\n<p>\u2022 Declaraciones de Impuesto a la Renta del periodo fiscal 2024.<\/p>\n<p>\u2022 Declaraciones correspondientes a marzo de 2025 de Impuesto al Valor Agregado (IVA).<\/p>\n<p>\u2022 Impuesto a los Consumos Especiales (ICE).<\/p>\n<p>\u2022 Retenciones en la Fuente.<\/p>\n<p>\u2022 Anexo Transaccional Simplificado (ATS) correspondiente al periodo febrero de 2025.<\/p>\n<p>El SRI tambi\u00e9n indic\u00f3 que la Resoluci\u00f3n establece que, en la provincia de Esmeraldas se suspenden los plazos y t\u00e9rminos de todos los procesos administrativos tributarios y los plazos de prescripci\u00f3n de la acci\u00f3n de cobro, el d\u00eda 25 de abril de 2025. Estos procesos se reactivar\u00e1n a partir del lunes, 28 de abril.<\/p>\n","protected":false},"author":12,"featured_media":41975,"comment_status":"open","ping_status":"open","sticky":false,"template":"","format":"standard","meta":{"footnotes":""},"categories":[1],"tags":[23],"class_list":["post-41971","post","type-post","status-publish","format-standard","has-post-thumbnail","hentry","category-uncategorized","tag-ecuador"],"_links":{"self":[{"href":"https:\/\/elmercuriomanta.ec\/index.php\/wp-json\/wp\/v2\/posts\/41971","targetHints":{"allow":["GET"]}}],"collection":[{"href":"https:\/\/elmercuriomanta.ec\/index.php\/wp-json\/wp\/v2\/posts"}],"about":[{"href":"https:\/\/elmercuriomanta.ec\/index.php\/wp-json\/wp\/v2\/types\/post"}],"author":[{"embeddable":true,"href":"https:\/\/elmercuriomanta.ec\/index.php\/wp-json\/wp\/v2\/users\/12"}],"replies":[{"embeddable":true,"href":"https:\/\/elmercuriomanta.ec\/index.php\/wp-json\/wp\/v2\/comments?post=41971"}],"version-history":[{"count":1,"href":"https:\/\/elmercuriomanta.ec\/index.php\/wp-json\/wp\/v2\/posts\/41971\/revisions"}],"predecessor-version":[{"id":41976,"href":"https:\/\/elmercuriomanta.ec\/index.php\/wp-json\/wp\/v2\/posts\/41971\/revisions\/41976"}],"wp:featuredmedia":[{"embeddable":true,"href":"https:\/\/elmercuriomanta.ec\/index.php\/wp-json\/wp\/v2\/media\/41975"}],"wp:attachment":[{"href":"https:\/\/elmercuriomanta.ec\/index.php\/wp-json\/wp\/v2\/media?parent=41971"}],"wp:term":[{"taxonomy":"category","embeddable":true,"href":"https:\/\/elmercuriomanta.ec\/index.php\/wp-json\/wp\/v2\/categories?post=41971"},{"taxonomy":"post_tag","embeddable":true,"href":"https:\/\/elmercuriomanta.ec\/index.php\/wp-json\/wp\/v2\/tags?post=41971"}],"curies":[{"name":"wp","href":"https:\/\/api.w.org\/{rel}","templated":true}]}}