{"id":41935,"date":"2025-04-26T10:50:23","date_gmt":"2025-04-26T15:50:23","guid":{"rendered":"https:\/\/elmercuriomanta.ec\/?p=41935"},"modified":"2025-04-26T10:50:23","modified_gmt":"2025-04-26T15:50:23","slug":"20-heridos-sin-luz-danos-clases-y-jornada-laboral-suspendida-en-esmeraldas-tras-sismo-de-magnitud-6","status":"publish","type":"post","link":"https:\/\/elmercuriomanta.ec\/index.php\/2025\/04\/26\/20-heridos-sin-luz-danos-clases-y-jornada-laboral-suspendida-en-esmeraldas-tras-sismo-de-magnitud-6\/","title":{"rendered":"20 Heridos, Sin Luz, Da\u00f1os, Clases y Jornada Laboral Suspendida en Esmeraldas tras Sismo de Magnitud 6"},"content":{"rendered":"\n<figure class=\"wp-block-image aligncenter size-large is-resized\"><img fetchpriority=\"high\" decoding=\"async\" width=\"1024\" height=\"566\" src=\"https:\/\/elmercuriomanta.ec\/wp-content\/uploads\/2025\/04\/image-401-1024x566.png\" alt=\"\" class=\"wp-image-41936\" style=\"width:514px;height:auto\" srcset=\"https:\/\/elmercuriomanta.ec\/wp-content\/uploads\/2025\/04\/image-401-1024x566.png 1024w, https:\/\/elmercuriomanta.ec\/wp-content\/uploads\/2025\/04\/image-401-300x166.png 300w, https:\/\/elmercuriomanta.ec\/wp-content\/uploads\/2025\/04\/image-401-768x424.png 768w, https:\/\/elmercuriomanta.ec\/wp-content\/uploads\/2025\/04\/image-401.png 1200w\" sizes=\"(max-width: 1024px) 100vw, 1024px\" \/><\/figure>\n\n\n\n<p>Esmeraldas es la ciudad m\u00e1s afectada por el sismo de 6 grados en escala de Richter reportado la ma\u00f1ana de este viernes 25 de abril del 2025. Una veintena de heridos, inmuebles colapsados, la interrupci\u00f3n del servicio de energ\u00eda el\u00e9ctrica y la interrupci\u00f3n de la jornada laboral, es parte del ambiente en la ciudad. De acuerdo con el reporte de la Secretaria de Gesti\u00f3n de Riesgos, con corte al mediod\u00eda, el temblor se sinti\u00f3 con una intensidad muy fuerte en Esmeraldas, provocando la evacuaci\u00f3n de personas y el despliegue de entidades de emergencia. Las afectaciones m\u00e1s grandes se ubicaron en las calles Espejo y Olmedo, calle Salinas y Col\u00f3n, alrededores del Colegio Luis Prado Viteri y la Universidad Luis Vargas Torres. 20 personas heridas tras sismo La Secretaria de Riesgos confirm\u00f3 que en el cant\u00f3n Esmeraldas 20 personas resultaron heridas y 540 fueron afectadas por el sismo. Adem\u00e1s, 20 metros de v\u00eda en el sector Libertad sufrieron da\u00f1os. Mientras que en el cant\u00f3n Atacames, se registr\u00f3 un centenar de afectados. En ambas ciudades se interrumpi\u00f3 el servicio el\u00e9ctrico.<\/p>\n\n\n\n<p>La Corporaci\u00f3n Nacional de Electricidad (CNEL) inform\u00f3 que t\u00e9cnicos se encuentran distribuidos en el territorio para evaluar los da\u00f1os e iniciar las labores con el objetivo de restablecer la energ\u00eda. Los ciudadanos se mantienen en alerta ante posibles r\u00e9plicas. Tambi\u00e9n en Muisne y R\u00edo Verde se registraron un centenar de afectados. Noboa dispone el despliegue de ministros en Esmeraldas El presidente de Ecuador, Daniel Noboa, dispuso que sus ministros se desplieguen en la provincia de Esmeraldas para brindar asistencia a las personas afectadas y entregar insumos tras al fuerte sismo. \u201cHe dispuesto el despliegue inmediato de todos los ministros en la provincia de Esmeraldas para coordinar la instalaci\u00f3n de albergues, entrega de kits de ayuda humanitaria y asistencia en todo lo que nuestra gente necesite\u201d, sentenci\u00f3 el Primer Mandatario. \u201cEl gobierno est\u00e1 con ustedes, y as\u00ed vamos a salir adelante. Seguiremos informando a trav\u00e9s de los canales oficiales\u201d, agreg\u00f3 Noboa en su cuenta de X. Militares se despliegan en Esmeraldas El ministro de Defensa Nacional, Gian Carlo Loffredo, orden\u00f3 el despliegue de las Fuerzas Armadas del Ecuador con un contingente significativo de personal y equipos.<\/p>\n\n\n\n<p>\u201cNuestros soldados se encuentran y se mantendr\u00e1n en territorio brindando asistencia directa a las comunidades afectadas, protegiendo vidas y apoyando en las labores de respuesta ante la emergencia\u201d, agreg\u00f3 la Cartera de Estado. Actividades acad\u00e9micas, laborales y servicios suspendidos La Alcald\u00eda de Esmeraldas inform\u00f3 que se suspenden actividades durante este viernes como una medida preventiva para \u201csalvaguardar la seguridad de la poblaci\u00f3n\u201d. De igual forma el personal t\u00e9cnico municipal se despleg\u00f3 en los barrios y comunidades para verificar da\u00f1os, evaluar riesgos y brindara asistencia. Tambi\u00e9n, la Agencia Nacional de Tr\u00e1nsito (ANT) confirm\u00f3 que la instituci\u00f3n sufri\u00f3 da\u00f1os y suspender\u00e1 atenci\u00f3n Esmeraldas. Las afectaciones se reportaron en las oficinas ubicadas en el Centro de Atenci\u00f3n Ciudadana. De igual forma, el Registro Civil suspendi\u00f3 los servicios en la agencia del cant\u00f3n Esmeraldas. La ministra de Trabajo, Ivonne N\u00fa\u00f1ez, confirm\u00f3 que tras la decisi\u00f3n del COE Cantonal de suspender las actividades la Cartera de Estado emiti\u00f3 la resoluci\u00f3n para que la jornada laboral se detenga en Esmeraldas. \u00abEn el momento que el COE levante la suspensi\u00f3n de actividades, los trabajadores regresan a teletrabajo porque en Esmeraldas, en este momento, no hay luz. &nbsp;<\/p>\n\n\n\n<p>El sector privado tambi\u00e9n entra en este tipo de actividades. Lo \u00fanico que no se suspende son los servicios b\u00e1sicos\u00ab, puntualiz\u00f3 N\u00fa\u00f1ez. Por su lado, la Universidad T\u00e9cnica Luis Vargas Torres inform\u00f3 que se dispuso la suspensi\u00f3n de forma inmediata todas las actividades acad\u00e9micas y administrativas. Esta es una medida de prevenci\u00f3n mientras se eval\u00faan la infraestructura y se monitorean posibles r\u00e9plicas. Operaci\u00f3n de Refiner\u00eda de Esmeraldas suspendida Petroecuador comunic\u00f3 que despleg\u00f3 personal especializado para la evaluaci\u00f3n integral de la infraestructura hidrocarbur\u00edfera y adopt\u00f3 medidas orientadas a proteger a la ciudadan\u00eda, al personal y a las instalaciones estrat\u00e9gicas tras el temblor. \u201cComo medida preventiva se suspendi\u00f3 la operaci\u00f3n de Refiner\u00eda Esmeraldas y el Sistema de Oleoducto Transecuatoriano (SOTE). Adem\u00e1s, se ha instruido la revisi\u00f3n del estado estructural del poliducto, como parte de un control riguroso en toda la red operativa\u201d, agreg\u00f3 la estatal petrolera<\/p>\n","protected":false},"excerpt":{"rendered":"<p>Esmeraldas es la ciudad m\u00e1s afectada por el sismo de 6 grados en escala de Richter reportado la ma\u00f1ana de este viernes 25 de abril del 2025. Una veintena de heridos, inmuebles colapsados, la interrupci\u00f3n del servicio de energ\u00eda el\u00e9ctrica y la interrupci\u00f3n de la jornada laboral, es parte del ambiente en la ciudad. De acuerdo con el reporte de la Secretaria de Gesti\u00f3n de Riesgos, con corte al mediod\u00eda, el temblor se sinti\u00f3 con una intensidad muy fuerte en Esmeraldas, provocando la evacuaci\u00f3n de personas y el despliegue de entidades de emergencia. Las afectaciones m\u00e1s grandes se ubicaron en las calles Espejo y Olmedo, calle Salinas y Col\u00f3n, alrededores del Colegio Luis Prado Viteri y la Universidad Luis Vargas Torres. 20 personas heridas tras sismo La Secretaria de Riesgos confirm\u00f3 que en el cant\u00f3n Esmeraldas 20 personas resultaron heridas y 540 fueron afectadas por el sismo. Adem\u00e1s, 20 metros de v\u00eda en el sector Libertad sufrieron da\u00f1os. Mientras que en el cant\u00f3n Atacames, se registr\u00f3 un centenar de afectados. En ambas ciudades se interrumpi\u00f3 el servicio el\u00e9ctrico.<\/p>\n<p>La Corporaci\u00f3n Nacional de Electricidad (CNEL) inform\u00f3 que t\u00e9cnicos se encuentran distribuidos en el territorio para evaluar los da\u00f1os e iniciar las labores con el objetivo de restablecer la energ\u00eda. Los ciudadanos se mantienen en alerta ante posibles r\u00e9plicas. Tambi\u00e9n en Muisne y R\u00edo Verde se registraron un centenar de afectados. Noboa dispone el despliegue de ministros en Esmeraldas El presidente de Ecuador, Daniel Noboa, dispuso que sus ministros se desplieguen en la provincia de Esmeraldas para brindar asistencia a las personas afectadas y entregar insumos tras al fuerte sismo. \u201cHe dispuesto el despliegue inmediato de todos los ministros en la provincia de Esmeraldas para coordinar la instalaci\u00f3n de albergues, entrega de kits de ayuda humanitaria y asistencia en todo lo que nuestra gente necesite\u201d, sentenci\u00f3 el Primer Mandatario. \u201cEl gobierno est\u00e1 con ustedes, y as\u00ed vamos a salir adelante. Seguiremos informando a trav\u00e9s de los canales oficiales\u201d, agreg\u00f3 Noboa en su cuenta de X. Militares se despliegan en Esmeraldas El ministro de Defensa Nacional, Gian Carlo Loffredo, orden\u00f3 el despliegue de las Fuerzas Armadas del Ecuador con un contingente significativo de personal y equipos.<\/p>\n<p>\u201cNuestros soldados se encuentran y se mantendr\u00e1n en territorio brindando asistencia directa a las comunidades afectadas, protegiendo vidas y apoyando en las labores de respuesta ante la emergencia\u201d, agreg\u00f3 la Cartera de Estado. Actividades acad\u00e9micas, laborales y servicios suspendidos La Alcald\u00eda de Esmeraldas inform\u00f3 que se suspenden actividades durante este viernes como una medida preventiva para \u201csalvaguardar la seguridad de la poblaci\u00f3n\u201d. De igual forma el personal t\u00e9cnico municipal se despleg\u00f3 en los barrios y comunidades para verificar da\u00f1os, evaluar riesgos y brindara asistencia. Tambi\u00e9n, la Agencia Nacional de Tr\u00e1nsito (ANT) confirm\u00f3 que la instituci\u00f3n sufri\u00f3 da\u00f1os y suspender\u00e1 atenci\u00f3n Esmeraldas. Las afectaciones se reportaron en las oficinas ubicadas en el Centro de Atenci\u00f3n Ciudadana. De igual forma, el Registro Civil suspendi\u00f3 los servicios en la agencia del cant\u00f3n Esmeraldas. La ministra de Trabajo, Ivonne N\u00fa\u00f1ez, confirm\u00f3 que tras la decisi\u00f3n del COE Cantonal de suspender las actividades la Cartera de Estado emiti\u00f3 la resoluci\u00f3n para que la jornada laboral se detenga en Esmeraldas. \u00abEn el momento que el COE levante la suspensi\u00f3n de actividades, los trabajadores regresan a teletrabajo porque en Esmeraldas, en este momento, no hay luz. \u00a0<\/p>\n<p>El sector privado tambi\u00e9n entra en este tipo de actividades. Lo \u00fanico que no se suspende son los servicios b\u00e1sicos\u00ab, puntualiz\u00f3 N\u00fa\u00f1ez. Por su lado, la Universidad T\u00e9cnica Luis Vargas Torres inform\u00f3 que se dispuso la suspensi\u00f3n de forma inmediata todas las actividades acad\u00e9micas y administrativas. Esta es una medida de prevenci\u00f3n mientras se eval\u00faan la infraestructura y se monitorean posibles r\u00e9plicas. Operaci\u00f3n de Refiner\u00eda de Esmeraldas suspendida Petroecuador comunic\u00f3 que despleg\u00f3 personal especializado para la evaluaci\u00f3n integral de la infraestructura hidrocarbur\u00edfera y adopt\u00f3 medidas orientadas a proteger a la ciudadan\u00eda, al personal y a las instalaciones estrat\u00e9gicas tras el temblor. \u201cComo medida preventiva se suspendi\u00f3 la operaci\u00f3n de Refiner\u00eda Esmeraldas y el Sistema de Oleoducto Transecuatoriano (SOTE). Adem\u00e1s, se ha instruido la revisi\u00f3n del estado estructural del poliducto, como parte de un control riguroso en toda la red operativa\u201d, agreg\u00f3 la estatal petrolera<\/p>\n","protected":false},"author":12,"featured_media":41936,"comment_status":"open","ping_status":"open","sticky":false,"template":"","format":"standard","meta":{"footnotes":""},"categories":[1],"tags":[23],"class_list":["post-41935","post","type-post","status-publish","format-standard","has-post-thumbnail","hentry","category-uncategorized","tag-ecuador"],"_links":{"self":[{"href":"https:\/\/elmercuriomanta.ec\/index.php\/wp-json\/wp\/v2\/posts\/41935","targetHints":{"allow":["GET"]}}],"collection":[{"href":"https:\/\/elmercuriomanta.ec\/index.php\/wp-json\/wp\/v2\/posts"}],"about":[{"href":"https:\/\/elmercuriomanta.ec\/index.php\/wp-json\/wp\/v2\/types\/post"}],"author":[{"embeddable":true,"href":"https:\/\/elmercuriomanta.ec\/index.php\/wp-json\/wp\/v2\/users\/12"}],"replies":[{"embeddable":true,"href":"https:\/\/elmercuriomanta.ec\/index.php\/wp-json\/wp\/v2\/comments?post=41935"}],"version-history":[{"count":1,"href":"https:\/\/elmercuriomanta.ec\/index.php\/wp-json\/wp\/v2\/posts\/41935\/revisions"}],"predecessor-version":[{"id":41937,"href":"https:\/\/elmercuriomanta.ec\/index.php\/wp-json\/wp\/v2\/posts\/41935\/revisions\/41937"}],"wp:featuredmedia":[{"embeddable":true,"href":"https:\/\/elmercuriomanta.ec\/index.php\/wp-json\/wp\/v2\/media\/41936"}],"wp:attachment":[{"href":"https:\/\/elmercuriomanta.ec\/index.php\/wp-json\/wp\/v2\/media?parent=41935"}],"wp:term":[{"taxonomy":"category","embeddable":true,"href":"https:\/\/elmercuriomanta.ec\/index.php\/wp-json\/wp\/v2\/categories?post=41935"},{"taxonomy":"post_tag","embeddable":true,"href":"https:\/\/elmercuriomanta.ec\/index.php\/wp-json\/wp\/v2\/tags?post=41935"}],"curies":[{"name":"wp","href":"https:\/\/api.w.org\/{rel}","templated":true}]}}