{"id":41901,"date":"2025-04-25T17:47:23","date_gmt":"2025-04-25T22:47:23","guid":{"rendered":"https:\/\/elmercuriomanta.ec\/?p=41901"},"modified":"2025-04-25T17:54:57","modified_gmt":"2025-04-25T22:54:57","slug":"educacion-posterga-ano-lectivo-en-esmeraldas","status":"publish","type":"post","link":"https:\/\/elmercuriomanta.ec\/index.php\/2025\/04\/25\/educacion-posterga-ano-lectivo-en-esmeraldas\/","title":{"rendered":"Tras fuerte sismo, Ministerio de Educaci\u00f3n posterga a\u00f1o lectivo en Esmeraldas"},"content":{"rendered":"\n<figure class=\"wp-block-image aligncenter size-large is-resized\"><img fetchpriority=\"high\" decoding=\"async\" width=\"1024\" height=\"683\" src=\"https:\/\/elmercuriomanta.ec\/wp-content\/uploads\/2025\/04\/image-398-1024x683.png\" alt=\"\" class=\"wp-image-41904\" style=\"width:339px;height:auto\" srcset=\"https:\/\/elmercuriomanta.ec\/wp-content\/uploads\/2025\/04\/image-398-1024x683.png 1024w, https:\/\/elmercuriomanta.ec\/wp-content\/uploads\/2025\/04\/image-398-300x200.png 300w, https:\/\/elmercuriomanta.ec\/wp-content\/uploads\/2025\/04\/image-398-768x512.png 768w, https:\/\/elmercuriomanta.ec\/wp-content\/uploads\/2025\/04\/image-398.png 1200w\" sizes=\"(max-width: 1024px) 100vw, 1024px\" \/><\/figure>\n\n\n\n<p><\/p>\n\n\n\n<p>El Ministerio de Educaci\u00f3n anunci\u00f3 la reprogramaci\u00f3n del inicio del a\u00f1o lectivo en la provincia de Esmeraldas para el lunes 12 de mayo de 2025, debido a las afectaciones provocadas por el reciente sismo registrado en la regi\u00f3n.<\/p>\n\n\n\n<p>Seg\u00fan la instituci\u00f3n, esta decisi\u00f3n, basada en los informes del equipo de Gesti\u00f3n de Riesgos de Educaci\u00f3n, aplicar\u00e1 para 798 instituciones educativas de la provincia, garantizando as\u00ed las condiciones adecuadas para un retorno seguro a las aulas.<\/p>\n\n\n\n<figure class=\"wp-block-embed is-type-rich is-provider-twitter wp-block-embed-twitter\"><div class=\"wp-block-embed__wrapper\">\n<blockquote class=\"twitter-tweet\" data-width=\"550\" data-dnt=\"true\"><p lang=\"es\" dir=\"ltr\">[COMUNICADO] Informamos a la ciudadan\u00eda que las 798 instituciones educativas de la provincia de Esmeraldas iniciar\u00e1n el a\u00f1o lectivo el lunes 12 de mayo de 2025, mientras que las dem\u00e1s instituciones del r\u00e9gimen Costa-Gal\u00e1pagos empiezan el 5 de mayo, seg\u00fan el cronograma previamente\u2026 <a href=\"https:\/\/t.co\/UUlmN4PXyA\">pic.twitter.com\/UUlmN4PXyA<\/a><\/p>&mdash; Ministerio de Educaci\u00f3n del Ecuador (@Educacion_Ec) <a href=\"https:\/\/twitter.com\/Educacion_Ec\/status\/1915888535531344345?ref_src=twsrc%5Etfw\">April 25, 2025<\/a><\/blockquote><script async src=\"https:\/\/platform.twitter.com\/widgets.js\" charset=\"utf-8\"><\/script>\n<\/div><\/figure>\n\n\n\n<p>La medida no afectar\u00e1 al resto de las instituciones del r\u00e9gimen Costa-Gal\u00e1pagos a nivel nacional, donde el inicio de clases se mantiene conforme al cronograma original, previsto para el lunes 5 de mayo de 2025.<\/p>\n\n\n\n<p>El Ministerio expres\u00f3 su solidaridad con la comunidad educativa de Esmeraldas, detallando que 26 instituciones presentan da\u00f1os en su infraestructura como consecuencia del movimiento tel\u00farico. Asimismo, reiter\u00f3 su compromiso con una educaci\u00f3n de calidad e hizo un llamado a la ciudadan\u00eda a mantenerse informada a trav\u00e9s de los canales oficiales.<\/p>\n","protected":false},"excerpt":{"rendered":"<p>El Ministerio de Educaci\u00f3n anunci\u00f3 la reprogramaci\u00f3n del inicio del a\u00f1o lectivo en la provincia de Esmeraldas para el lunes 12 de mayo de 2025, debido a las afectaciones provocadas por el reciente sismo registrado en la regi\u00f3n.<\/p>\n","protected":false},"author":14,"featured_media":41904,"comment_status":"open","ping_status":"open","sticky":false,"template":"","format":"standard","meta":{"footnotes":""},"categories":[20,83,1],"tags":[23],"class_list":["post-41901","post","type-post","status-publish","format-standard","has-post-thumbnail","hentry","category-portada-2","category-sucesos","category-uncategorized","tag-ecuador"],"_links":{"self":[{"href":"https:\/\/elmercuriomanta.ec\/index.php\/wp-json\/wp\/v2\/posts\/41901","targetHints":{"allow":["GET"]}}],"collection":[{"href":"https:\/\/elmercuriomanta.ec\/index.php\/wp-json\/wp\/v2\/posts"}],"about":[{"href":"https:\/\/elmercuriomanta.ec\/index.php\/wp-json\/wp\/v2\/types\/post"}],"author":[{"embeddable":true,"href":"https:\/\/elmercuriomanta.ec\/index.php\/wp-json\/wp\/v2\/users\/14"}],"replies":[{"embeddable":true,"href":"https:\/\/elmercuriomanta.ec\/index.php\/wp-json\/wp\/v2\/comments?post=41901"}],"version-history":[{"count":3,"href":"https:\/\/elmercuriomanta.ec\/index.php\/wp-json\/wp\/v2\/posts\/41901\/revisions"}],"predecessor-version":[{"id":41905,"href":"https:\/\/elmercuriomanta.ec\/index.php\/wp-json\/wp\/v2\/posts\/41901\/revisions\/41905"}],"wp:featuredmedia":[{"embeddable":true,"href":"https:\/\/elmercuriomanta.ec\/index.php\/wp-json\/wp\/v2\/media\/41904"}],"wp:attachment":[{"href":"https:\/\/elmercuriomanta.ec\/index.php\/wp-json\/wp\/v2\/media?parent=41901"}],"wp:term":[{"taxonomy":"category","embeddable":true,"href":"https:\/\/elmercuriomanta.ec\/index.php\/wp-json\/wp\/v2\/categories?post=41901"},{"taxonomy":"post_tag","embeddable":true,"href":"https:\/\/elmercuriomanta.ec\/index.php\/wp-json\/wp\/v2\/tags?post=41901"}],"curies":[{"name":"wp","href":"https:\/\/api.w.org\/{rel}","templated":true}]}}