{"id":41880,"date":"2025-04-25T15:40:54","date_gmt":"2025-04-25T20:40:54","guid":{"rendered":"https:\/\/elmercuriomanta.ec\/?p=41880"},"modified":"2025-04-25T15:40:54","modified_gmt":"2025-04-25T20:40:54","slug":"confirmado-fiebre-amarilla-cobra-su-primera-vida-en-ecuador-y-enciende-las-alarmas","status":"publish","type":"post","link":"https:\/\/elmercuriomanta.ec\/index.php\/2025\/04\/25\/confirmado-fiebre-amarilla-cobra-su-primera-vida-en-ecuador-y-enciende-las-alarmas\/","title":{"rendered":"Confirmado: fiebre amarilla cobra su primera vida en Ecuador y enciende las alarmas"},"content":{"rendered":"\n<figure class=\"wp-block-image aligncenter size-full is-resized\"><img fetchpriority=\"high\" decoding=\"async\" width=\"640\" height=\"423\" src=\"https:\/\/elmercuriomanta.ec\/wp-content\/uploads\/2025\/04\/image-396.png\" alt=\"\" class=\"wp-image-41881\" style=\"width:283px;height:auto\" srcset=\"https:\/\/elmercuriomanta.ec\/wp-content\/uploads\/2025\/04\/image-396.png 640w, https:\/\/elmercuriomanta.ec\/wp-content\/uploads\/2025\/04\/image-396-300x198.png 300w\" sizes=\"(max-width: 640px) 100vw, 640px\" \/><\/figure>\n\n\n\n<p>El paciente de Zamora Chinchipe, que fue diagnosticado con&nbsp;<strong>fiebre amarilla<\/strong>, falleci\u00f3, confirm\u00f3 Edgar Lama, ministro de Salud.<\/p>\n\n\n\n<p>\u00abEsto se trata de un caso aislado y \u00fanico de una persona lastimosamente fallecida, pero que ten\u00eda la costumbre de cruzar frontera de entrar y salir de Ecuador hacia Colombia\u00bb, indic\u00f3 en una entrevista radial.<\/p>\n\n\n\n<p>El funcionario pidi\u00f3 serenidad a la ciudadan\u00eda,&nbsp;<strong>se\u00f1alando que se trata de una enfermedad que tiene una vacuna&nbsp;<\/strong>que provee protecci\u00f3n para toda la vida.<\/p>\n\n\n\n<p>Este caso de fiebre amarilla fue el primero de 2025. En 2024, tambi\u00e9n se registr\u00f3 solo un caso, que fue importado de Colombia.<\/p>\n\n\n\n<p>Datos epidemiol\u00f3gicos detallan que en Ecuador<strong>&nbsp;se registr\u00f3 dos casos de fiebre amarilla en el 2000<\/strong>, un caso en 2012 y tres casos en 2017.<\/p>\n","protected":false},"excerpt":{"rendered":"<p>El paciente de Zamora Chinchipe, que fue diagnosticado con\u00a0fiebre amarilla, falleci\u00f3, confirm\u00f3 Edgar Lama, ministro de Salud.<\/p>\n","protected":false},"author":14,"featured_media":41881,"comment_status":"open","ping_status":"open","sticky":false,"template":"","format":"standard","meta":{"footnotes":""},"categories":[20,83,1],"tags":[23],"class_list":["post-41880","post","type-post","status-publish","format-standard","has-post-thumbnail","hentry","category-portada-2","category-sucesos","category-uncategorized","tag-ecuador"],"_links":{"self":[{"href":"https:\/\/elmercuriomanta.ec\/index.php\/wp-json\/wp\/v2\/posts\/41880","targetHints":{"allow":["GET"]}}],"collection":[{"href":"https:\/\/elmercuriomanta.ec\/index.php\/wp-json\/wp\/v2\/posts"}],"about":[{"href":"https:\/\/elmercuriomanta.ec\/index.php\/wp-json\/wp\/v2\/types\/post"}],"author":[{"embeddable":true,"href":"https:\/\/elmercuriomanta.ec\/index.php\/wp-json\/wp\/v2\/users\/14"}],"replies":[{"embeddable":true,"href":"https:\/\/elmercuriomanta.ec\/index.php\/wp-json\/wp\/v2\/comments?post=41880"}],"version-history":[{"count":1,"href":"https:\/\/elmercuriomanta.ec\/index.php\/wp-json\/wp\/v2\/posts\/41880\/revisions"}],"predecessor-version":[{"id":41882,"href":"https:\/\/elmercuriomanta.ec\/index.php\/wp-json\/wp\/v2\/posts\/41880\/revisions\/41882"}],"wp:featuredmedia":[{"embeddable":true,"href":"https:\/\/elmercuriomanta.ec\/index.php\/wp-json\/wp\/v2\/media\/41881"}],"wp:attachment":[{"href":"https:\/\/elmercuriomanta.ec\/index.php\/wp-json\/wp\/v2\/media?parent=41880"}],"wp:term":[{"taxonomy":"category","embeddable":true,"href":"https:\/\/elmercuriomanta.ec\/index.php\/wp-json\/wp\/v2\/categories?post=41880"},{"taxonomy":"post_tag","embeddable":true,"href":"https:\/\/elmercuriomanta.ec\/index.php\/wp-json\/wp\/v2\/tags?post=41880"}],"curies":[{"name":"wp","href":"https:\/\/api.w.org\/{rel}","templated":true}]}}