{"id":41870,"date":"2025-04-25T13:25:51","date_gmt":"2025-04-25T18:25:51","guid":{"rendered":"https:\/\/elmercuriomanta.ec\/?p=41870"},"modified":"2025-04-25T14:32:20","modified_gmt":"2025-04-25T19:32:20","slug":"presidente-daniel-noboa-inicia-gira-internacional-con-primera-parada-en-italia","status":"publish","type":"post","link":"https:\/\/elmercuriomanta.ec\/index.php\/2025\/04\/25\/presidente-daniel-noboa-inicia-gira-internacional-con-primera-parada-en-italia\/","title":{"rendered":"Noboa inicia gira internacional en Italia: asistir\u00e1 al funeral del papa Francisco"},"content":{"rendered":"\n<figure class=\"wp-block-image aligncenter size-large is-resized\"><img fetchpriority=\"high\" decoding=\"async\" width=\"1024\" height=\"571\" src=\"https:\/\/elmercuriomanta.ec\/wp-content\/uploads\/2025\/04\/image-395-1024x571.png\" alt=\"\" class=\"wp-image-41874\" style=\"width:356px;height:auto\" srcset=\"https:\/\/elmercuriomanta.ec\/wp-content\/uploads\/2025\/04\/image-395-1024x571.png 1024w, https:\/\/elmercuriomanta.ec\/wp-content\/uploads\/2025\/04\/image-395-300x167.png 300w, https:\/\/elmercuriomanta.ec\/wp-content\/uploads\/2025\/04\/image-395-768x428.png 768w, https:\/\/elmercuriomanta.ec\/wp-content\/uploads\/2025\/04\/image-395.png 1170w\" sizes=\"(max-width: 1024px) 100vw, 1024px\" \/><\/figure>\n\n\n\n<p> El presidente, Daniel Noboa, arrib\u00f3 este viernes a territorio italiano como parte de su gira internacional, cuya primera escala es Italia, donde cumplir\u00e1 una agenda diplom\u00e1tica y de Estado. Adem\u00e1s, asistir\u00e1 al funeral del Papa Francisco<\/p>\n\n\n\n<p>Durante su llegada, el mandatario fue recibido por Esteban Moscoso, embajador de Ecuador en Italia, y Edmundo Uribe, embajador ante la Santa Sede. <\/p>\n\n\n\n<p>La presencia del presidente ecuatoriano en este evento de relevancia global representa un gesto de respeto y diplomacia, adem\u00e1s de reforzar los lazos bilaterales con el Vaticano e Italia.<\/p>\n\n\n\n<p>Se espera que Noboa contin\u00fae su recorrido internacional con visitas oficiales a otros pa\u00edses en los pr\u00f3ximos d\u00edas.<\/p>\n\n\n\n<p><\/p>\n","protected":false},"excerpt":{"rendered":"<p>El presidente, Daniel Noboa, arrib\u00f3 este viernes a territorio italiano como parte de su gira internacional, cuya primera escala es Italia, donde cumplir\u00e1 una agenda diplom\u00e1tica y de Estado. Adem\u00e1s, asistir\u00e1 al funeral del Papa Francisco<\/p>\n","protected":false},"author":14,"featured_media":41874,"comment_status":"open","ping_status":"open","sticky":false,"template":"","format":"standard","meta":{"footnotes":""},"categories":[19,1],"tags":[23],"class_list":["post-41870","post","type-post","status-publish","format-standard","has-post-thumbnail","hentry","category-portada-1","category-uncategorized","tag-ecuador"],"_links":{"self":[{"href":"https:\/\/elmercuriomanta.ec\/index.php\/wp-json\/wp\/v2\/posts\/41870","targetHints":{"allow":["GET"]}}],"collection":[{"href":"https:\/\/elmercuriomanta.ec\/index.php\/wp-json\/wp\/v2\/posts"}],"about":[{"href":"https:\/\/elmercuriomanta.ec\/index.php\/wp-json\/wp\/v2\/types\/post"}],"author":[{"embeddable":true,"href":"https:\/\/elmercuriomanta.ec\/index.php\/wp-json\/wp\/v2\/users\/14"}],"replies":[{"embeddable":true,"href":"https:\/\/elmercuriomanta.ec\/index.php\/wp-json\/wp\/v2\/comments?post=41870"}],"version-history":[{"count":4,"href":"https:\/\/elmercuriomanta.ec\/index.php\/wp-json\/wp\/v2\/posts\/41870\/revisions"}],"predecessor-version":[{"id":41873,"href":"https:\/\/elmercuriomanta.ec\/index.php\/wp-json\/wp\/v2\/posts\/41870\/revisions\/41873"}],"wp:featuredmedia":[{"embeddable":true,"href":"https:\/\/elmercuriomanta.ec\/index.php\/wp-json\/wp\/v2\/media\/41874"}],"wp:attachment":[{"href":"https:\/\/elmercuriomanta.ec\/index.php\/wp-json\/wp\/v2\/media?parent=41870"}],"wp:term":[{"taxonomy":"category","embeddable":true,"href":"https:\/\/elmercuriomanta.ec\/index.php\/wp-json\/wp\/v2\/categories?post=41870"},{"taxonomy":"post_tag","embeddable":true,"href":"https:\/\/elmercuriomanta.ec\/index.php\/wp-json\/wp\/v2\/tags?post=41870"}],"curies":[{"name":"wp","href":"https:\/\/api.w.org\/{rel}","templated":true}]}}