{"id":41868,"date":"2025-04-25T13:21:57","date_gmt":"2025-04-25T18:21:57","guid":{"rendered":"https:\/\/elmercuriomanta.ec\/?p=41868"},"modified":"2025-04-25T16:22:50","modified_gmt":"2025-04-25T21:22:50","slug":"respuesta-inmediata-armada-del-ecuador-despliega-tropas-en-esmeraldas-tras-temblor","status":"publish","type":"post","link":"https:\/\/elmercuriomanta.ec\/index.php\/2025\/04\/25\/respuesta-inmediata-armada-del-ecuador-despliega-tropas-en-esmeraldas-tras-temblor\/","title":{"rendered":"Respuesta inmediata: Armada del Ecuador despliega tropas en Esmeraldas tras temblor"},"content":{"rendered":"\n<figure class=\"wp-block-image aligncenter size-large is-resized\"><img fetchpriority=\"high\" decoding=\"async\" width=\"768\" height=\"1024\" src=\"https:\/\/elmercuriomanta.ec\/wp-content\/uploads\/2025\/04\/GpZWv3vWQAANr3s-768x1024.jpg\" alt=\"\" class=\"wp-image-41888\" style=\"width:206px;height:auto\" srcset=\"https:\/\/elmercuriomanta.ec\/wp-content\/uploads\/2025\/04\/GpZWv3vWQAANr3s-768x1024.jpg 768w, https:\/\/elmercuriomanta.ec\/wp-content\/uploads\/2025\/04\/GpZWv3vWQAANr3s-225x300.jpg 225w, https:\/\/elmercuriomanta.ec\/wp-content\/uploads\/2025\/04\/GpZWv3vWQAANr3s-1152x1536.jpg 1152w, https:\/\/elmercuriomanta.ec\/wp-content\/uploads\/2025\/04\/GpZWv3vWQAANr3s.jpg 1536w\" sizes=\"(max-width: 768px) 100vw, 768px\" \/><\/figure>\n\n\n\n<p>Tras el sismo registrado la ma\u00f1ana del 25 de abril, la Armada del Ecuador activ\u00f3 un operativo de emergencia y despleg\u00f3 personal militar en las zonas afectadas, con el objetivo de brindar asistencia inmediata, garantizar la seguridad y apoyar a la poblaci\u00f3n esmeralde\u00f1a en medio de la emergencia.<\/p>\n\n\n\n<p>Las unidades de la Armada se movilizaron r\u00e1pidamente para colaborar con tareas de evaluaci\u00f3n de da\u00f1os, patrullaje preventivo y apoyo humanitario, en coordinaci\u00f3n con otras instituciones del Estado. El despliegue se concentr\u00f3 en sectores donde se reportaron afectaciones estructurales, cortes de energ\u00eda y presencia de personas damnificadas.<\/p>\n\n\n\n<figure class=\"wp-block-embed is-type-rich is-provider-twitter wp-block-embed-twitter\"><div class=\"wp-block-embed__wrapper\">\n<blockquote class=\"twitter-tweet\" data-width=\"550\" data-dnt=\"true\"><p lang=\"es\" dir=\"ltr\"><a href=\"https:\/\/twitter.com\/hashtag\/Esmeraldas?src=hash&amp;ref_src=twsrc%5Etfw\">#Esmeraldas<\/a> | Tras el sismo registrado la ma\u00f1ana del 25 de abril, la <a href=\"https:\/\/twitter.com\/armada_ecuador?ref_src=twsrc%5Etfw\">@armada_ecuador<\/a>, realiza el despliegue de personal militar en las zonas afectadas, brindando asistencia, seguridad a a nuestros hermanos esmeralde\u00f1os.<br><br>La Armada del Ecuador reafirma su compromiso inquebrantable\u2026 <a href=\"https:\/\/t.co\/zjDbhoPEiK\">pic.twitter.com\/zjDbhoPEiK<\/a><\/p>&mdash; Armada del Ecuador (@armada_ecuador) <a href=\"https:\/\/twitter.com\/armada_ecuador\/status\/1915816049171197974?ref_src=twsrc%5Etfw\">April 25, 2025<\/a><\/blockquote><script async src=\"https:\/\/platform.twitter.com\/widgets.js\" charset=\"utf-8\"><\/script>\n<\/div><\/figure>\n\n\n\n<p>A trav\u00e9s de un comunicado oficial, la Armada reafirm\u00f3 su compromiso inquebrantable de proteger y servir al pueblo ecuatoriano: \u201cEstaremos presentes en todo momento y bajo cualquier circunstancia, acompa\u00f1ando a nuestros hermanos esmeralde\u00f1os en esta dif\u00edcil situaci\u00f3n\u201d.<\/p>\n\n\n\n<p>Las autoridades piden a la ciudadan\u00eda mantener la calma, seguir las recomendaciones de los organismos de emergencia y reportar cualquier situaci\u00f3n de riesgo.<\/p>\n","protected":false},"excerpt":{"rendered":"<p>Tras el sismo registrado la ma\u00f1ana del 25 de abril, la Armada del Ecuador activ\u00f3 un operativo de emergencia y despleg\u00f3 personal militar en las zonas afectadas, con el objetivo de brindar asistencia inmediata, garantizar la seguridad y apoyar a la poblaci\u00f3n esmeralde\u00f1a en medio de la emergencia.<\/p>\n","protected":false},"author":14,"featured_media":41888,"comment_status":"open","ping_status":"open","sticky":false,"template":"","format":"standard","meta":{"footnotes":""},"categories":[21,83,1],"tags":[23],"class_list":["post-41868","post","type-post","status-publish","format-standard","has-post-thumbnail","hentry","category-noticia-del-dia","category-sucesos","category-uncategorized","tag-ecuador"],"_links":{"self":[{"href":"https:\/\/elmercuriomanta.ec\/index.php\/wp-json\/wp\/v2\/posts\/41868","targetHints":{"allow":["GET"]}}],"collection":[{"href":"https:\/\/elmercuriomanta.ec\/index.php\/wp-json\/wp\/v2\/posts"}],"about":[{"href":"https:\/\/elmercuriomanta.ec\/index.php\/wp-json\/wp\/v2\/types\/post"}],"author":[{"embeddable":true,"href":"https:\/\/elmercuriomanta.ec\/index.php\/wp-json\/wp\/v2\/users\/14"}],"replies":[{"embeddable":true,"href":"https:\/\/elmercuriomanta.ec\/index.php\/wp-json\/wp\/v2\/comments?post=41868"}],"version-history":[{"count":3,"href":"https:\/\/elmercuriomanta.ec\/index.php\/wp-json\/wp\/v2\/posts\/41868\/revisions"}],"predecessor-version":[{"id":41889,"href":"https:\/\/elmercuriomanta.ec\/index.php\/wp-json\/wp\/v2\/posts\/41868\/revisions\/41889"}],"wp:featuredmedia":[{"embeddable":true,"href":"https:\/\/elmercuriomanta.ec\/index.php\/wp-json\/wp\/v2\/media\/41888"}],"wp:attachment":[{"href":"https:\/\/elmercuriomanta.ec\/index.php\/wp-json\/wp\/v2\/media?parent=41868"}],"wp:term":[{"taxonomy":"category","embeddable":true,"href":"https:\/\/elmercuriomanta.ec\/index.php\/wp-json\/wp\/v2\/categories?post=41868"},{"taxonomy":"post_tag","embeddable":true,"href":"https:\/\/elmercuriomanta.ec\/index.php\/wp-json\/wp\/v2\/tags?post=41868"}],"curies":[{"name":"wp","href":"https:\/\/api.w.org\/{rel}","templated":true}]}}