{"id":41628,"date":"2025-04-23T10:23:39","date_gmt":"2025-04-23T15:23:39","guid":{"rendered":"https:\/\/elmercuriomanta.ec\/?p=41628"},"modified":"2025-04-23T10:36:15","modified_gmt":"2025-04-23T15:36:15","slug":"cae-presunto-vinculado-en-masacre-de-manta","status":"publish","type":"post","link":"https:\/\/elmercuriomanta.ec\/index.php\/2025\/04\/23\/cae-presunto-vinculado-en-masacre-de-manta\/","title":{"rendered":"Cae presunto hombre vinculado en Masacre de Manta"},"content":{"rendered":"\n<figure class=\"wp-block-image aligncenter size-large is-resized\"><img fetchpriority=\"high\" decoding=\"async\" width=\"1024\" height=\"472\" src=\"https:\/\/elmercuriomanta.ec\/wp-content\/uploads\/2025\/04\/image-355-1024x472.png\" alt=\"\" class=\"wp-image-41635\" style=\"width:378px;height:auto\" srcset=\"https:\/\/elmercuriomanta.ec\/wp-content\/uploads\/2025\/04\/image-355-1024x472.png 1024w, https:\/\/elmercuriomanta.ec\/wp-content\/uploads\/2025\/04\/image-355-300x138.png 300w, https:\/\/elmercuriomanta.ec\/wp-content\/uploads\/2025\/04\/image-355-768x354.png 768w, https:\/\/elmercuriomanta.ec\/wp-content\/uploads\/2025\/04\/image-355-1536x708.png 1536w, https:\/\/elmercuriomanta.ec\/wp-content\/uploads\/2025\/04\/image-355.png 1600w\" sizes=\"(max-width: 1024px) 100vw, 1024px\" \/><\/figure>\n\n\n\n<p>Uno de los presuntos implicados por la masacre registrada en una urbanizaci\u00f3n de Manta fue capturado por la Policia. El sospechoso fue identificado como Yendry Adri\u00e1n Mac\u00edas Lino.<\/p>\n\n\n\n<p>El hombre fue detenido en un operativo en el barrio Florestal #1, de la parroquia Eloy Alfaro. Mac\u00edas se refugi\u00f3 en la casa de su madre, durante el allanamiento el sujeto intent\u00f3 escapar por el techo de la vivienda, pero fue localizado en la bodega de una casa aleda\u00f1a.<\/p>\n\n\n\n<p>Se presume que Yendry habr\u00eda participado en la parte log\u00edstica. El hombre manten\u00eda reuniones con personas de dudosa procedencia en su domicilio ubicado en Urbirrios, seg\u00fan testigos.<\/p>\n\n\n\n<p>El acusado supuestamente hab\u00eda conseguido algunos veh\u00edculos, entre estos el carro Chevrolet Sail concho de vino que fue utilizado en el ataque armado, donde murieron cinco personas  y seis resultaron heridas cuando estaban en una reuni\u00f3n familiar.<\/p>\n\n\n\n<p>El hombre no registra antecedentes penales, y fue llevado ante juez para que determine su situaci\u00f3n legal.<\/p>\n","protected":false},"excerpt":{"rendered":"<p>Uno de los presuntos implicados por la masacre registrada en una urbanizaci\u00f3n de Manta fue capturado por la Policia. El sospechoso fue identificado como Yendry Adri\u00e1n Mac\u00edas Lino.<\/p>\n","protected":false},"author":14,"featured_media":41635,"comment_status":"open","ping_status":"open","sticky":false,"template":"","format":"standard","meta":{"footnotes":""},"categories":[16,1],"tags":[91],"class_list":["post-41628","post","type-post","status-publish","format-standard","has-post-thumbnail","hentry","category-cronica","category-uncategorized","tag-cronica"],"_links":{"self":[{"href":"https:\/\/elmercuriomanta.ec\/index.php\/wp-json\/wp\/v2\/posts\/41628","targetHints":{"allow":["GET"]}}],"collection":[{"href":"https:\/\/elmercuriomanta.ec\/index.php\/wp-json\/wp\/v2\/posts"}],"about":[{"href":"https:\/\/elmercuriomanta.ec\/index.php\/wp-json\/wp\/v2\/types\/post"}],"author":[{"embeddable":true,"href":"https:\/\/elmercuriomanta.ec\/index.php\/wp-json\/wp\/v2\/users\/14"}],"replies":[{"embeddable":true,"href":"https:\/\/elmercuriomanta.ec\/index.php\/wp-json\/wp\/v2\/comments?post=41628"}],"version-history":[{"count":3,"href":"https:\/\/elmercuriomanta.ec\/index.php\/wp-json\/wp\/v2\/posts\/41628\/revisions"}],"predecessor-version":[{"id":41643,"href":"https:\/\/elmercuriomanta.ec\/index.php\/wp-json\/wp\/v2\/posts\/41628\/revisions\/41643"}],"wp:featuredmedia":[{"embeddable":true,"href":"https:\/\/elmercuriomanta.ec\/index.php\/wp-json\/wp\/v2\/media\/41635"}],"wp:attachment":[{"href":"https:\/\/elmercuriomanta.ec\/index.php\/wp-json\/wp\/v2\/media?parent=41628"}],"wp:term":[{"taxonomy":"category","embeddable":true,"href":"https:\/\/elmercuriomanta.ec\/index.php\/wp-json\/wp\/v2\/categories?post=41628"},{"taxonomy":"post_tag","embeddable":true,"href":"https:\/\/elmercuriomanta.ec\/index.php\/wp-json\/wp\/v2\/tags?post=41628"}],"curies":[{"name":"wp","href":"https:\/\/api.w.org\/{rel}","templated":true}]}}