{"id":41557,"date":"2025-04-22T15:28:43","date_gmt":"2025-04-22T20:28:43","guid":{"rendered":"https:\/\/elmercuriomanta.ec\/?p=41557"},"modified":"2025-04-22T15:28:43","modified_gmt":"2025-04-22T20:28:43","slug":"los-4-acusados-hablaron-ante-el-juez-por-masacre-en-la-gallera","status":"publish","type":"post","link":"https:\/\/elmercuriomanta.ec\/index.php\/2025\/04\/22\/los-4-acusados-hablaron-ante-el-juez-por-masacre-en-la-gallera\/","title":{"rendered":"Los 4 acusados hablaron ante el juez por masacre en la gallera"},"content":{"rendered":"\n<figure class=\"wp-block-image aligncenter size-full is-resized\"><img fetchpriority=\"high\" decoding=\"async\" width=\"640\" height=\"360\" src=\"https:\/\/elmercuriomanta.ec\/wp-content\/uploads\/2025\/04\/image-344.png\" alt=\"\" class=\"wp-image-41558\" style=\"width:313px;height:auto\" srcset=\"https:\/\/elmercuriomanta.ec\/wp-content\/uploads\/2025\/04\/image-344.png 640w, https:\/\/elmercuriomanta.ec\/wp-content\/uploads\/2025\/04\/image-344-300x169.png 300w\" sizes=\"(max-width: 640px) 100vw, 640px\" \/><\/figure>\n\n\n\n<p>Durante su primera audiencia judicial, los cuatro detenidos por la masacre ocurrida la noche del jueves 17 de abril de 2025 en una gallera de El Carmen, provincia de Manab\u00ed, decidieron no acogerse al derecho al silencio. Uno de ellos afirm\u00f3 que la orden del ataque fue emitida por alias \u2018Comandante\u2019, presunto cabecilla del grupo terrorista R7, que opera desde centros penitenciarios del pa\u00eds.<\/p>\n\n\n\n<p>En la audiencia de formulaci\u00f3n de cargos, los imputados hicieron uso de la palabra, lo que llev\u00f3 al juez a instruir a la defensora t\u00e9cnica para que explicara nuevamente sus derechos, incluyendo la posibilidad de guardar silencio o rendir declaraci\u00f3n voluntaria, seg\u00fan el consejo de sus abogados. El juez recalc\u00f3 que, una vez emitidas las declaraciones, la Fiscal\u00eda estar\u00eda habilitada para realizar preguntas.<\/p>\n\n\n\n<p>Diego M., de 32 a\u00f1os, fue uno de los que decidi\u00f3 hablar. \u00abQuiero aclarar que no tengo relaci\u00f3n con ning\u00fan grupo delictivo organizado (GDO). Conozco a uno de los implicados solo por haberlo tratado en un local de comidas junto a la carretera. Somos conocidos, pero no pertenezco a ninguna banda\u00bb, asegur\u00f3 ante el juez.<\/p>\n\n\n\n<p>Diego y su hermano Carlos fueron capturados en una finca situada en la v\u00eda a Puerto Lim\u00f3n, a unos 30 kil\u00f3metros de Santo Domingo de los Ts\u00e1chilas. En el lugar, la Polic\u00eda decomis\u00f3 armamento de grueso calibre: fusiles industriales calibre .223, un subfusil de nueve mil\u00edmetros, cargadores para distintas armas, 47 cartuchos .223, 27 de calibre 5.56 y nueve cartuchos de nueve mil\u00edmetros.<\/p>\n\n\n\n<p>Adem\u00e1s, en la parte posterior del predio, los agentes hallaron chalecos antibalas verdes con la inscripci\u00f3n del Ej\u00e9rcito Ecuatoriano, chompas camufladas similares a las utilizadas por las Fuerzas Armadas, cascos y botas. Tambi\u00e9n fueron incautadas armas artesanales, incluyendo escopetas y rifles calibre 16 y 22 mm.<\/p>\n\n\n\n<p>Pese a estos hallazgos, Diego M. afirm\u00f3 que la finca es propiedad de su madre y que las armas no le pertenecen. Seg\u00fan su versi\u00f3n, fueron dejadas por un conocido suyo identificado como V\u00edctor P., quien, dijo, le pidi\u00f3 que las guardara sin mayor explicaci\u00f3n.<\/p>\n","protected":false},"excerpt":{"rendered":"<p>Durante su primera audiencia judicial, los cuatro detenidos por la masacre ocurrida la noche del jueves 17 de abril de 2025 en una gallera de El Carmen, provincia de Manab\u00ed, decidieron no acogerse al derecho al silencio. Uno de ellos afirm\u00f3 que la orden del ataque fue emitida por alias \u2018Comandante\u2019, presunto cabecilla del grupo terrorista R7, que opera desde centros penitenciarios del pa\u00eds.<\/p>\n","protected":false},"author":14,"featured_media":41558,"comment_status":"open","ping_status":"open","sticky":false,"template":"","format":"standard","meta":{"footnotes":""},"categories":[20,83,1],"tags":[23],"class_list":["post-41557","post","type-post","status-publish","format-standard","has-post-thumbnail","hentry","category-portada-2","category-sucesos","category-uncategorized","tag-ecuador"],"_links":{"self":[{"href":"https:\/\/elmercuriomanta.ec\/index.php\/wp-json\/wp\/v2\/posts\/41557","targetHints":{"allow":["GET"]}}],"collection":[{"href":"https:\/\/elmercuriomanta.ec\/index.php\/wp-json\/wp\/v2\/posts"}],"about":[{"href":"https:\/\/elmercuriomanta.ec\/index.php\/wp-json\/wp\/v2\/types\/post"}],"author":[{"embeddable":true,"href":"https:\/\/elmercuriomanta.ec\/index.php\/wp-json\/wp\/v2\/users\/14"}],"replies":[{"embeddable":true,"href":"https:\/\/elmercuriomanta.ec\/index.php\/wp-json\/wp\/v2\/comments?post=41557"}],"version-history":[{"count":1,"href":"https:\/\/elmercuriomanta.ec\/index.php\/wp-json\/wp\/v2\/posts\/41557\/revisions"}],"predecessor-version":[{"id":41559,"href":"https:\/\/elmercuriomanta.ec\/index.php\/wp-json\/wp\/v2\/posts\/41557\/revisions\/41559"}],"wp:featuredmedia":[{"embeddable":true,"href":"https:\/\/elmercuriomanta.ec\/index.php\/wp-json\/wp\/v2\/media\/41558"}],"wp:attachment":[{"href":"https:\/\/elmercuriomanta.ec\/index.php\/wp-json\/wp\/v2\/media?parent=41557"}],"wp:term":[{"taxonomy":"category","embeddable":true,"href":"https:\/\/elmercuriomanta.ec\/index.php\/wp-json\/wp\/v2\/categories?post=41557"},{"taxonomy":"post_tag","embeddable":true,"href":"https:\/\/elmercuriomanta.ec\/index.php\/wp-json\/wp\/v2\/tags?post=41557"}],"curies":[{"name":"wp","href":"https:\/\/api.w.org\/{rel}","templated":true}]}}