{"id":41469,"date":"2025-04-21T16:39:10","date_gmt":"2025-04-21T21:39:10","guid":{"rendered":"https:\/\/elmercuriomanta.ec\/?p=41469"},"modified":"2025-04-21T16:46:21","modified_gmt":"2025-04-21T21:46:21","slug":"hospital-andrade-marin-en-alerta-decenas-de-policias-y-militares-irrumpen-por-amenazas-al-personal","status":"publish","type":"post","link":"https:\/\/elmercuriomanta.ec\/index.php\/2025\/04\/21\/hospital-andrade-marin-en-alerta-decenas-de-policias-y-militares-irrumpen-por-amenazas-al-personal\/","title":{"rendered":"Hospital Andrade Mar\u00edn en alerta: decenas de polic\u00edas y militares irrumpen por amenazas al personal"},"content":{"rendered":"\n<figure class=\"wp-block-image aligncenter size-full is-resized\"><img fetchpriority=\"high\" decoding=\"async\" width=\"640\" height=\"360\" src=\"https:\/\/elmercuriomanta.ec\/wp-content\/uploads\/2025\/04\/image-327.png\" alt=\"\" class=\"wp-image-41471\" style=\"width:209px;height:auto\" srcset=\"https:\/\/elmercuriomanta.ec\/wp-content\/uploads\/2025\/04\/image-327.png 640w, https:\/\/elmercuriomanta.ec\/wp-content\/uploads\/2025\/04\/image-327-300x169.png 300w\" sizes=\"(max-width: 640px) 100vw, 640px\" \/><\/figure>\n\n\n\n<p>Mientras en Guayaquil el Gobierno contin\u00faa con la intervenci\u00f3n en el hospital Teodoro Maldonado Carbo del IESS, en Quito se desarrolla una acci\u00f3n similar este 21 de abril. Elementos policiales y militares del Bloque de Seguridad ingresaron al hospital de especialidades Carlos Andrade Mar\u00edn, tambi\u00e9n perteneciente al Seguro Social.<\/p>\n\n\n\n<p>Esta nueva acci\u00f3n responde a posibles amenazas dirigidas al personal del hospital, particularmente en el \u00e1rea de contrataciones.<\/p>\n\n\n\n<p>La operaci\u00f3n fue encabezada por los ministros de Defensa, Gian Carlo Loffredo, y del Interior, John Reimberg, quienes estuvieron acompa\u00f1ados por un nutrido contingente de fuerzas estatales de seguridad.<\/p>\n\n\n\n<p>El ministro del Interior, Reimberg, inform\u00f3 que un grupo de \u00e9lite permanecer\u00e1 en el hospital para recolectar informaci\u00f3n que permita identificar el origen y los responsables de las amenazas.<\/p>\n\n\n\n<p>\u201cEs nuestra segunda intervenci\u00f3n en un hospital. Estamos aqu\u00ed debido a que hemos recibido reportes de amenazas contra el personal y autoridades del centro m\u00e9dico\u201d, declar\u00f3 Reimberg ante la prensa en Quito.<\/p>\n\n\n\n<p>Por su parte, el ministro de Defensa, Loffredo, detall\u00f3 que se han registrado amenazas contra la vida de los funcionarios, seguimientos y da\u00f1os a sus bienes.<\/p>\n\n\n\n<p>Loffredo incluso afirm\u00f3 que grupos del crimen organizado estar\u00edan operando dentro del sistema de salud p\u00fablica.<\/p>\n\n\n\n<p>Reimberg no descart\u00f3 la posibilidad de que las fuerzas del orden permanezcan de forma indefinida en el hospital, como ya sucede en el Teodoro Maldonado Carbo de Guayaquil.<\/p>\n\n\n\n<p>La intervenci\u00f3n en el hospital del IESS en Guayaquil ocurri\u00f3 el 23 de febrero de 2025. En esa ocasi\u00f3n, el Gobierno compar\u00f3 la situaci\u00f3n con una guerra, especialmente tras el secuestro del director administrativo Ronny Camba, y anunci\u00f3 la creaci\u00f3n de un grupo especial para enfrentar a las organizaciones delictivas.<\/p>\n\n\n\n<p>Sin embargo, tras casi dos meses de intervenci\u00f3n, los m\u00e9dicos y veedores siguen exigiendo resultados, mientras los pacientes contin\u00faan reclamando por la falta de medicamentos. A\u00fan no hay informaci\u00f3n sobre el paradero del exdirector secuestrado.<\/p>\n\n\n\n<p><strong>Reacciones ciudadanas<\/strong><\/p>\n\n\n\n<p>La intervenci\u00f3n en el hospital Carlos Andrade Mar\u00edn ocurri\u00f3 alrededor de la 1:00 p.m. del lunes, cuando cientos de personas esperaban ser atendidas o conseguir un turno m\u00e9dico.<\/p>\n\n\n\n<p>\u201c\u00a1No hay turnos, ministros! \u00a1Hay mafias dentro y fuera del hospital!\u201d fueron algunos de los reclamos expresados por los sorprendidos usuarios ante la presencia de las fuerzas de seguridad.<\/p>\n\n\n\n<p>Durante el recorrido, los ministros visitaron las \u00e1reas de pediatr\u00eda, emergencia de adultos mayores y, de manera especial, la farmacia. En esta \u00faltima, tambi\u00e9n se recibieron quejas por la falta de medicamentos.<\/p>\n","protected":false},"excerpt":{"rendered":"<p>Mientras en Guayaquil el Gobierno contin\u00faa con la intervenci\u00f3n en el hospital Teodoro Maldonado Carbo del IESS, en Quito se desarrolla una acci\u00f3n similar este 21 de abril. Elementos policiales y militares del Bloque de Seguridad ingresaron al hospital de especialidades Carlos Andrade Mar\u00edn, tambi\u00e9n perteneciente al Seguro Social.<\/p>\n","protected":false},"author":14,"featured_media":41471,"comment_status":"open","ping_status":"open","sticky":false,"template":"","format":"standard","meta":{"footnotes":""},"categories":[20,83,1],"tags":[23],"class_list":["post-41469","post","type-post","status-publish","format-standard","has-post-thumbnail","hentry","category-portada-2","category-sucesos","category-uncategorized","tag-ecuador"],"_links":{"self":[{"href":"https:\/\/elmercuriomanta.ec\/index.php\/wp-json\/wp\/v2\/posts\/41469","targetHints":{"allow":["GET"]}}],"collection":[{"href":"https:\/\/elmercuriomanta.ec\/index.php\/wp-json\/wp\/v2\/posts"}],"about":[{"href":"https:\/\/elmercuriomanta.ec\/index.php\/wp-json\/wp\/v2\/types\/post"}],"author":[{"embeddable":true,"href":"https:\/\/elmercuriomanta.ec\/index.php\/wp-json\/wp\/v2\/users\/14"}],"replies":[{"embeddable":true,"href":"https:\/\/elmercuriomanta.ec\/index.php\/wp-json\/wp\/v2\/comments?post=41469"}],"version-history":[{"count":3,"href":"https:\/\/elmercuriomanta.ec\/index.php\/wp-json\/wp\/v2\/posts\/41469\/revisions"}],"predecessor-version":[{"id":41473,"href":"https:\/\/elmercuriomanta.ec\/index.php\/wp-json\/wp\/v2\/posts\/41469\/revisions\/41473"}],"wp:featuredmedia":[{"embeddable":true,"href":"https:\/\/elmercuriomanta.ec\/index.php\/wp-json\/wp\/v2\/media\/41471"}],"wp:attachment":[{"href":"https:\/\/elmercuriomanta.ec\/index.php\/wp-json\/wp\/v2\/media?parent=41469"}],"wp:term":[{"taxonomy":"category","embeddable":true,"href":"https:\/\/elmercuriomanta.ec\/index.php\/wp-json\/wp\/v2\/categories?post=41469"},{"taxonomy":"post_tag","embeddable":true,"href":"https:\/\/elmercuriomanta.ec\/index.php\/wp-json\/wp\/v2\/tags?post=41469"}],"curies":[{"name":"wp","href":"https:\/\/api.w.org\/{rel}","templated":true}]}}