{"id":41357,"date":"2025-04-19T15:27:16","date_gmt":"2025-04-19T20:27:16","guid":{"rendered":"https:\/\/elmercuriomanta.ec\/?p=41357"},"modified":"2025-04-19T15:27:16","modified_gmt":"2025-04-19T20:27:16","slug":"la-comunidad-el-aposento-del-canton-chone-recibe-servicio-electrico-por-primera-vez","status":"publish","type":"post","link":"https:\/\/elmercuriomanta.ec\/index.php\/2025\/04\/19\/la-comunidad-el-aposento-del-canton-chone-recibe-servicio-electrico-por-primera-vez\/","title":{"rendered":"La Comunidad El Aposento del Cant\u00f3n Chone Recibe Servicio El\u00e9ctrico por Primera Vez"},"content":{"rendered":"\n<figure class=\"wp-block-image aligncenter size-full is-resized\"><img fetchpriority=\"high\" decoding=\"async\" width=\"828\" height=\"506\" src=\"https:\/\/elmercuriomanta.ec\/wp-content\/uploads\/2025\/04\/image-300.png\" alt=\"\" class=\"wp-image-41360\" style=\"width:468px;height:auto\" srcset=\"https:\/\/elmercuriomanta.ec\/wp-content\/uploads\/2025\/04\/image-300.png 828w, https:\/\/elmercuriomanta.ec\/wp-content\/uploads\/2025\/04\/image-300-300x183.png 300w, https:\/\/elmercuriomanta.ec\/wp-content\/uploads\/2025\/04\/image-300-768x469.png 768w\" sizes=\"(max-width: 828px) 100vw, 828px\" \/><\/figure>\n\n\n\n<figure class=\"wp-block-image aligncenter size-full is-resized\"><img decoding=\"async\" width=\"828\" height=\"365\" src=\"https:\/\/elmercuriomanta.ec\/wp-content\/uploads\/2025\/04\/image-299.png\" alt=\"\" class=\"wp-image-41359\" style=\"width:528px;height:auto\" srcset=\"https:\/\/elmercuriomanta.ec\/wp-content\/uploads\/2025\/04\/image-299.png 828w, https:\/\/elmercuriomanta.ec\/wp-content\/uploads\/2025\/04\/image-299-300x132.png 300w, https:\/\/elmercuriomanta.ec\/wp-content\/uploads\/2025\/04\/image-299-768x339.png 768w\" sizes=\"(max-width: 828px) 100vw, 828px\" \/><\/figure>\n\n\n\n<figure class=\"wp-block-image aligncenter size-large is-resized\"><img decoding=\"async\" width=\"682\" height=\"1024\" src=\"https:\/\/elmercuriomanta.ec\/wp-content\/uploads\/2025\/04\/image-298-682x1024.png\" alt=\"\" class=\"wp-image-41358\" style=\"width:350px;height:auto\" srcset=\"https:\/\/elmercuriomanta.ec\/wp-content\/uploads\/2025\/04\/image-298-682x1024.png 682w, https:\/\/elmercuriomanta.ec\/wp-content\/uploads\/2025\/04\/image-298-200x300.png 200w, https:\/\/elmercuriomanta.ec\/wp-content\/uploads\/2025\/04\/image-298-768x1154.png 768w, https:\/\/elmercuriomanta.ec\/wp-content\/uploads\/2025\/04\/image-298.png 828w\" sizes=\"(max-width: 682px) 100vw, 682px\" \/><\/figure>\n\n\n\n<p>Gracias a la inversi\u00f3n del Gobierno Nacional en infraestructura el\u00e9ctrica, CNEL EP, a trav\u00e9s de la Unidad de Negocio Manab\u00ed, ha entregado a los habitantes de la comunidad El Aposento una importante obra de ampliaci\u00f3n el\u00e9ctrica. Esta nueva instalaci\u00f3n beneficiar\u00e1 a 15 familias de la zona rural.<\/p>\n\n\n\n<p>Los trabajos ejecutados incluyeron la instalaci\u00f3n de 21 postes, 5,500 metros de redes el\u00e9ctricas, 4 transformadores y 9 luminarias LED. Estas mejoras no solo son fundamentales para el desarrollo agropecuario y ganadero de la comunidad, sino que tambi\u00e9n contribuyen a la mejora de las condiciones de vida y favorecen las actividades productivas y econ\u00f3micas de los residentes.<\/p>\n\n\n\n<p>El Aposento es una comunidad rural y monta\u00f1osa ubicada a una hora de la zona urbana del cant\u00f3n Chone. \u201cHist\u00f3ricamente, hemos sido olvidados. Era triste no contar con servicio el\u00e9ctrico; muchos productos de consumo interno se da\u00f1aban por la falta de refrigeraci\u00f3n. Adem\u00e1s, la oscuridad imped\u00eda nuestras actividades nocturnas. La llegada de la electricidad ha cambiado nuestras vidas de manera positiva\u201d, coment\u00f3 Danilo Valencia, dirigente comunitario.<\/p>\n\n\n\n<p>Por su parte, Doris Tamayo, Administradora de CNEL Manab\u00ed, expres\u00f3: \u201cNos llena de emoci\u00f3n y alegr\u00eda ver c\u00f3mo este servicio mejora la vida de las familias. Sabemos que, como padres, la electricidad es esencial para las actividades cotidianas, especialmente para la educaci\u00f3n de nuestros hijos. Para todo el equipo de CNEL, es una gran satisfacci\u00f3n entregar esta obra, que es sin\u00f3nimo de desarrollo y progreso para esta hermosa comunidad.\u201d<\/p>\n\n\n\n<p>CNEL Manab\u00ed, junto con su equipo de ingenieros, sigue trabajando en proyectos para llevar la electricidad a todos los rincones de la provincia, con el objetivo de mejorar la calidad de vida de todas las familias manabitas.<\/p>\n\n\n\n<p>.<\/p>\n","protected":false},"excerpt":{"rendered":"<p>Gracias a la inversi\u00f3n del Gobierno Nacional en infraestructura el\u00e9ctrica, CNEL EP, a trav\u00e9s de la Unidad de Negocio Manab\u00ed, ha entregado a los habitantes de la comunidad El Aposento una importante obra de ampliaci\u00f3n el\u00e9ctrica. Esta nueva instalaci\u00f3n beneficiar\u00e1 a 15 familias de la zona rural.<\/p>\n<p>Los trabajos ejecutados incluyeron la instalaci\u00f3n de 21 postes, 5,500 metros de redes el\u00e9ctricas, 4 transformadores y 9 luminarias LED. Estas mejoras no solo son fundamentales para el desarrollo agropecuario y ganadero de la comunidad, sino que tambi\u00e9n contribuyen a la mejora de las condiciones de vida y favorecen las actividades productivas y econ\u00f3micas de los residentes.<\/p>\n<p>El Aposento es una comunidad rural y monta\u00f1osa ubicada a una hora de la zona urbana del cant\u00f3n Chone. \u201cHist\u00f3ricamente, hemos sido olvidados. Era triste no contar con servicio el\u00e9ctrico; muchos productos de consumo interno se da\u00f1aban por la falta de refrigeraci\u00f3n. Adem\u00e1s, la oscuridad imped\u00eda nuestras actividades nocturnas. La llegada de la electricidad ha cambiado nuestras vidas de manera positiva\u201d, coment\u00f3 Danilo Valencia, dirigente comunitario.<\/p>\n<p>Por su parte, Doris Tamayo, Administradora de CNEL Manab\u00ed, expres\u00f3: \u201cNos llena de emoci\u00f3n y alegr\u00eda ver c\u00f3mo este servicio mejora la vida de las familias. Sabemos que, como padres, la electricidad es esencial para las actividades cotidianas, especialmente para la educaci\u00f3n de nuestros hijos. Para todo el equipo de CNEL, es una gran satisfacci\u00f3n entregar esta obra, que es sin\u00f3nimo de desarrollo y progreso para esta hermosa comunidad.\u201d<\/p>\n<p>CNEL Manab\u00ed, junto con su equipo de ingenieros, sigue trabajando en proyectos para llevar la electricidad a todos los rincones de la provincia, con el objetivo de mejorar la calidad de vida de todas las familias manabitas.<\/p>\n<p>.<\/p>\n","protected":false},"author":12,"featured_media":41358,"comment_status":"open","ping_status":"open","sticky":false,"template":"","format":"standard","meta":{"footnotes":""},"categories":[1],"tags":[29],"class_list":["post-41357","post","type-post","status-publish","format-standard","has-post-thumbnail","hentry","category-uncategorized","tag-manabi"],"_links":{"self":[{"href":"https:\/\/elmercuriomanta.ec\/index.php\/wp-json\/wp\/v2\/posts\/41357","targetHints":{"allow":["GET"]}}],"collection":[{"href":"https:\/\/elmercuriomanta.ec\/index.php\/wp-json\/wp\/v2\/posts"}],"about":[{"href":"https:\/\/elmercuriomanta.ec\/index.php\/wp-json\/wp\/v2\/types\/post"}],"author":[{"embeddable":true,"href":"https:\/\/elmercuriomanta.ec\/index.php\/wp-json\/wp\/v2\/users\/12"}],"replies":[{"embeddable":true,"href":"https:\/\/elmercuriomanta.ec\/index.php\/wp-json\/wp\/v2\/comments?post=41357"}],"version-history":[{"count":1,"href":"https:\/\/elmercuriomanta.ec\/index.php\/wp-json\/wp\/v2\/posts\/41357\/revisions"}],"predecessor-version":[{"id":41361,"href":"https:\/\/elmercuriomanta.ec\/index.php\/wp-json\/wp\/v2\/posts\/41357\/revisions\/41361"}],"wp:featuredmedia":[{"embeddable":true,"href":"https:\/\/elmercuriomanta.ec\/index.php\/wp-json\/wp\/v2\/media\/41358"}],"wp:attachment":[{"href":"https:\/\/elmercuriomanta.ec\/index.php\/wp-json\/wp\/v2\/media?parent=41357"}],"wp:term":[{"taxonomy":"category","embeddable":true,"href":"https:\/\/elmercuriomanta.ec\/index.php\/wp-json\/wp\/v2\/categories?post=41357"},{"taxonomy":"post_tag","embeddable":true,"href":"https:\/\/elmercuriomanta.ec\/index.php\/wp-json\/wp\/v2\/tags?post=41357"}],"curies":[{"name":"wp","href":"https:\/\/api.w.org\/{rel}","templated":true}]}}